{"id":3573,"date":"2026-01-07T15:25:46","date_gmt":"2026-01-07T15:25:46","guid":{"rendered":"https:\/\/www.cultureireland.ie\/?p=3573"},"modified":"2026-01-07T15:27:51","modified_gmt":"2026-01-07T15:27:51","slug":"eire-ag-aonach-leabhar-londan-10-12-marta-2026","status":"publish","type":"post","link":"https:\/\/www.cultureireland.ie\/ga\/eire-ag-aonach-leabhar-londan-10-12-marta-2026\/","title":{"rendered":"\u00c9ire ag Aonach Leabhar Londan (10 &#8211; 12 M\u00e1rta 2026)"},"content":{"rendered":"<p>Glao Cult\u00far \u00c9ireann ar rannph\u00e1irt\u00edocht \u00f3 fhoilsitheoir\u00ed neamhsple\u00e1cha \u00c9ireannacha<\/p>\n<p>&nbsp;<\/p>\n<p>Tr\u00edna dheontas bliant\u00fail a chuir ar f\u00e1il do <a href=\"https:\/\/www.literatureireland.com\/\">Litr\u00edocht \u00c9ireann<\/a>, thacaigh Cult\u00far \u00c9ireann le l\u00e1ithreacht seast\u00e1n agus toscaireacht \u00c9ireannach ag Aonach Leabhar Londain le blianta fada.<\/p>\n<p>Tar \u00e9is cl\u00e1r p\u00edol\u00f3tach tosaigh chun tac\u00fa le foilsitheoir\u00ed freastal ar Aonach Leabhar Londan in 2025, t\u00e1 Cult\u00far \u00c9ireann ag tairiscint l\u00edon teoranta spar\u00e1nachta\u00ed taistil ar\u00eds d\u2019earn\u00e1il foilsitheoireachta neamhsple\u00e1ch na h\u00c9ireann chun cabhr\u00fa leis na costais a bhaineann le freastal ar an \u00f3c\u00e1id.<\/p>\n<p>Bunaithe in 1971, t\u00e1 <a href=\"https:\/\/www.londonbookfair.co.uk\/\">Aonach Leabhar Londan<\/a> ar cheann de na pr\u00edomhmharga\u00ed domhanda le haghaidh caibidl\u00edochta\u00ed cearta don tionscal foilsitheoireachta agus meallann s\u00e9 breis is 25,000 gairm\u00ed foilsitheoireachta.<\/p>\n<p>Le linn na h\u00f3c\u00e1ide, buailfidh foilsitheoir\u00ed le gn\u00edomhair\u00ed liteartha, le comhghleacaithe idirn\u00e1isi\u00fanta, agus le haistritheoir\u00ed chun deiseanna breise f\u00e9ideartha a fhorbairt do scr\u00edbhneoir\u00ed \u00c9ireannacha chun lucht l\u00e9itheoireachta idirn\u00e1isi\u00fanta a bhaint amach.<\/p>\n<p>Le haghaidh na bliana 2026, beidh Aonach Leabhar Londan ar si\u00fal ag Ionad Taispe\u00e1ntais Olympia i Londain \u00f3n 10 go 12 M\u00e1rta 2026.<\/p>\n<p>&nbsp;<\/p>\n<p>N\u00ed m\u00f3r d\u2019iarratas\u00f3ir\u00ed na crit\u00e9ir inch\u00e1ilitheachta seo a leanas a chomhl\u00edonadh:<\/p>\n<ul>\n<li>Taifead seanbhunaithe mar fhoilsitheoir neamhsple\u00e1ch \u00f3 ar fud oile\u00e1n na h\u00c9ireann agus liosta de theidil fh\u00e9ideartha le cur chun cinn le linn an Aonaigh Leabhar<\/li>\n<\/ul>\n<p>&nbsp;<\/p>\n<p>D\u00e9anfar iarratais a mheas\u00fan\u00fa ar bhonn na gcrit\u00e9ar sin a leanas:<\/p>\n<ul>\n<li>fianaise go bhfuil siad in ann leas a bhaint as an deis seo, lena n-\u00e1ir\u00edtear infhaighteacht ar \u00e1bhair bholscaireachta<\/li>\n<li>fianaise ar chuntas teiste laistigh den tionscal<\/li>\n<li>ioml\u00e1ine agus c\u00e1il\u00edocht a n-iarratais<\/li>\n<\/ul>\n<p>Glacfaidh toscair\u00ed roghnaithe p\u00e1irt i seast\u00e1n na h\u00c9ireann chun a gcuid oibre a chur chun cinn mar a comhaonta\u00edodh le Litr\u00edocht \u00c9ireann i gcomhr\u00e9ir le heagr\u00e1in roimhe seo. D\u00e9anfaidh foilsitheoir\u00ed rann\u00edoca\u00edocht le costais an tseast\u00e1in i gcomhr\u00e9ir leis an achar comhaontaithe ar an seast\u00e1n.<\/p>\n<p>T\u00e1 an d\u00e1mhachtain (\u20ac750 in aghaidh an duine do bheirt ar a mh\u00e9ad in aghaidh na heagra\u00edochta)\u202f i dtreo na gcostas a bhaineann le heitilt\u00ed fillte, cl\u00e1r\u00fach\u00e1in agus rann\u00edoca\u00edocht i leith c\u00f3ir\u00edochta agus cothaithe.\u202fClice\u00e1il <a href=\"http:\/\/applications.cultureireland.ie\/index.php?r=form9\"><strong>anseo<\/strong><\/a> chun iarratas a dh\u00e9anamh.<\/p>\n<p>Is \u00e9 <strong>5pm D\u00e9 hAoine an 30 Ean\u00e1ir 2026<\/strong> an spriocdh\u00e1ta chun iarratais chomhl\u00e1naithe a chur isteach le haghaidh spar\u00e1nachta toscaire.<\/p>\n","protected":false},"excerpt":{"rendered":"<p>Glao Cult\u00far \u00c9ireann ar rannph\u00e1irt\u00edocht \u00f3 fhoilsitheoir\u00ed neamhsple\u00e1cha \u00c9ireannacha &nbsp; Tr\u00edna dheontas bliant\u00fail a chuir ar f\u00e1il do Litr\u00edocht \u00c9ireann, thacaigh Cult\u00far \u00c9ireann le l\u00e1ithreacht seast\u00e1n agus toscaireacht \u00c9ireannach ag Aonach Leabhar Londain le blianta fada. Tar \u00e9is cl\u00e1r p\u00edol\u00f3tach tosaigh chun tac\u00fa le foilsitheoir\u00ed freastal ar Aonach Leabhar Londan in 2025, t\u00e1 Cult\u00far \u00c9ireann&#8230; <\/p>\n","protected":false},"author":23,"featured_media":3570,"comment_status":"closed","ping_status":"closed","sticky":false,"template":"","format":"standard","meta":{"_acf_changed":false,"footnotes":""},"categories":[16],"tags":[],"class_list":["post-3573","post","type-post","status-publish","format-standard","has-post-thumbnail","hentry","category-news-ga"],"acf":[],"yoast_head":"<!-- This site is optimized with the Yoast SEO plugin v27.2 - https:\/\/yoast.com\/product\/yoast-seo-wordpress\/ -->\n<title>\u00c9ire ag Aonach Leabhar Londan (10 - 12 M\u00e1rta 2026) - Culture Ireland | Cult\u00far \u00c9ireann<\/title>\n<meta name=\"robots\" content=\"index, follow, max-snippet:-1, max-image-preview:large, max-video-preview:-1\" \/>\n<link rel=\"canonical\" href=\"https:\/\/www.cultureireland.ie\/ga\/eire-ag-aonach-leabhar-londan-10-12-marta-2026\/\" \/>\n<meta property=\"og:locale\" content=\"ga_IE\" \/>\n<meta property=\"og:type\" content=\"article\" \/>\n<meta property=\"og:title\" content=\"\u00c9ire ag Aonach Leabhar Londan (10 - 12 M\u00e1rta 2026) - Culture Ireland | Cult\u00far \u00c9ireann\" \/>\n<meta property=\"og:description\" content=\"Glao Cult\u00far \u00c9ireann ar rannph\u00e1irt\u00edocht \u00f3 fhoilsitheoir\u00ed neamhsple\u00e1cha \u00c9ireannacha &nbsp; Tr\u00edna dheontas bliant\u00fail a chuir ar f\u00e1il do Litr\u00edocht \u00c9ireann, thacaigh Cult\u00far \u00c9ireann le l\u00e1ithreacht seast\u00e1n agus toscaireacht \u00c9ireannach ag Aonach Leabhar Londain le blianta fada. Tar \u00e9is cl\u00e1r p\u00edol\u00f3tach tosaigh chun tac\u00fa le foilsitheoir\u00ed freastal ar Aonach Leabhar Londan in 2025, t\u00e1 Cult\u00far \u00c9ireann...\" \/>\n<meta property=\"og:url\" content=\"https:\/\/www.cultureireland.ie\/ga\/eire-ag-aonach-leabhar-londan-10-12-marta-2026\/\" \/>\n<meta property=\"og:site_name\" content=\"Culture Ireland | Cult\u00far \u00c9ireann\" \/>\n<meta property=\"article:published_time\" content=\"2026-01-07T15:25:46+00:00\" \/>\n<meta property=\"article:modified_time\" content=\"2026-01-07T15:27:51+00:00\" \/>\n<meta property=\"og:image\" content=\"https:\/\/www.cultureireland.ie\/wp-content\/uploads\/2026\/01\/London-Book-Fair-2026-Delegates-Call-CI-Website-1440-x-980-px-1024x697.png\" \/>\n\t<meta property=\"og:image:width\" content=\"1024\" \/>\n\t<meta property=\"og:image:height\" content=\"697\" \/>\n\t<meta property=\"og:image:type\" content=\"image\/png\" \/>\n<meta name=\"author\" content=\"Katie O&#039;Kelly\" \/>\n<meta name=\"twitter:card\" content=\"summary_large_image\" \/>\n<meta name=\"twitter:label1\" content=\"Written by\" \/>\n\t<meta name=\"twitter:data1\" content=\"Katie O&#039;Kelly\" \/>\n\t<meta name=\"twitter:label2\" content=\"Est. reading time\" \/>\n\t<meta name=\"twitter:data2\" content=\"2 minutes\" \/>\n<script type=\"application\/ld+json\" class=\"yoast-schema-graph\">{\"@context\":\"https:\/\/schema.org\",\"@graph\":[{\"@type\":\"Article\",\"@id\":\"https:\/\/www.cultureireland.ie\/ga\/eire-ag-aonach-leabhar-londan-10-12-marta-2026\/#article\",\"isPartOf\":{\"@id\":\"https:\/\/www.cultureireland.ie\/ga\/eire-ag-aonach-leabhar-londan-10-12-marta-2026\/\"},\"author\":{\"name\":\"Katie O'Kelly\",\"@id\":\"https:\/\/www.cultureireland.ie\/#\/schema\/person\/5df2b8f7889ad67d78fad0a392295f8a\"},\"headline\":\"\u00c9ire ag Aonach Leabhar Londan (10 &#8211; 12 M\u00e1rta 2026)\",\"datePublished\":\"2026-01-07T15:25:46+00:00\",\"dateModified\":\"2026-01-07T15:27:51+00:00\",\"mainEntityOfPage\":{\"@id\":\"https:\/\/www.cultureireland.ie\/ga\/eire-ag-aonach-leabhar-londan-10-12-marta-2026\/\"},\"wordCount\":426,\"publisher\":{\"@id\":\"https:\/\/www.cultureireland.ie\/#organization\"},\"image\":{\"@id\":\"https:\/\/www.cultureireland.ie\/ga\/eire-ag-aonach-leabhar-londan-10-12-marta-2026\/#primaryimage\"},\"thumbnailUrl\":\"https:\/\/www.cultureireland.ie\/wp-content\/uploads\/2026\/01\/London-Book-Fair-2026-Delegates-Call-CI-Website-1440-x-980-px.png\",\"articleSection\":[\"News\"],\"inLanguage\":\"ga-IE\"},{\"@type\":\"WebPage\",\"@id\":\"https:\/\/www.cultureireland.ie\/ga\/eire-ag-aonach-leabhar-londan-10-12-marta-2026\/\",\"url\":\"https:\/\/www.cultureireland.ie\/ga\/eire-ag-aonach-leabhar-londan-10-12-marta-2026\/\",\"name\":\"\u00c9ire ag Aonach Leabhar Londan (10 - 12 M\u00e1rta 2026) - Culture Ireland | Cult\u00far \u00c9ireann\",\"isPartOf\":{\"@id\":\"https:\/\/www.cultureireland.ie\/#website\"},\"primaryImageOfPage\":{\"@id\":\"https:\/\/www.cultureireland.ie\/ga\/eire-ag-aonach-leabhar-londan-10-12-marta-2026\/#primaryimage\"},\"image\":{\"@id\":\"https:\/\/www.cultureireland.ie\/ga\/eire-ag-aonach-leabhar-londan-10-12-marta-2026\/#primaryimage\"},\"thumbnailUrl\":\"https:\/\/www.cultureireland.ie\/wp-content\/uploads\/2026\/01\/London-Book-Fair-2026-Delegates-Call-CI-Website-1440-x-980-px.png\",\"datePublished\":\"2026-01-07T15:25:46+00:00\",\"dateModified\":\"2026-01-07T15:27:51+00:00\",\"breadcrumb\":{\"@id\":\"https:\/\/www.cultureireland.ie\/ga\/eire-ag-aonach-leabhar-londan-10-12-marta-2026\/#breadcrumb\"},\"inLanguage\":\"ga-IE\",\"potentialAction\":[{\"@type\":\"ReadAction\",\"target\":[\"https:\/\/www.cultureireland.ie\/ga\/eire-ag-aonach-leabhar-londan-10-12-marta-2026\/\"]}]},{\"@type\":\"ImageObject\",\"inLanguage\":\"ga-IE\",\"@id\":\"https:\/\/www.cultureireland.ie\/ga\/eire-ag-aonach-leabhar-londan-10-12-marta-2026\/#primaryimage\",\"url\":\"https:\/\/www.cultureireland.ie\/wp-content\/uploads\/2026\/01\/London-Book-Fair-2026-Delegates-Call-CI-Website-1440-x-980-px.png\",\"contentUrl\":\"https:\/\/www.cultureireland.ie\/wp-content\/uploads\/2026\/01\/London-Book-Fair-2026-Delegates-Call-CI-Website-1440-x-980-px.png\",\"width\":1440,\"height\":980},{\"@type\":\"BreadcrumbList\",\"@id\":\"https:\/\/www.cultureireland.ie\/ga\/eire-ag-aonach-leabhar-londan-10-12-marta-2026\/#breadcrumb\",\"itemListElement\":[{\"@type\":\"ListItem\",\"position\":1,\"name\":\"Home\",\"item\":\"https:\/\/www.cultureireland.ie\/\"},{\"@type\":\"ListItem\",\"position\":2,\"name\":\"\u00c9ire ag Aonach Leabhar Londan (10 &#8211; 12 M\u00e1rta 2026)\"}]},{\"@type\":\"WebSite\",\"@id\":\"https:\/\/www.cultureireland.ie\/#website\",\"url\":\"https:\/\/www.cultureireland.ie\/\",\"name\":\"Culture Ireland | Cult\u00far \u00c9ireann\",\"description\":\"\",\"publisher\":{\"@id\":\"https:\/\/www.cultureireland.ie\/#organization\"},\"potentialAction\":[{\"@type\":\"SearchAction\",\"target\":{\"@type\":\"EntryPoint\",\"urlTemplate\":\"https:\/\/www.cultureireland.ie\/?s={search_term_string}\"},\"query-input\":{\"@type\":\"PropertyValueSpecification\",\"valueRequired\":true,\"valueName\":\"search_term_string\"}}],\"inLanguage\":\"ga-IE\"},{\"@type\":\"Organization\",\"@id\":\"https:\/\/www.cultureireland.ie\/#organization\",\"name\":\"Culture Ireland\",\"url\":\"https:\/\/www.cultureireland.ie\/\",\"logo\":{\"@type\":\"ImageObject\",\"inLanguage\":\"ga-IE\",\"@id\":\"https:\/\/www.cultureireland.ie\/#\/schema\/logo\/image\/\",\"url\":\"https:\/\/www.cultureireland.ie\/wp-content\/uploads\/2024\/04\/Department-Tourism.png\",\"contentUrl\":\"https:\/\/www.cultureireland.ie\/wp-content\/uploads\/2024\/04\/Department-Tourism.png\",\"width\":231,\"height\":218,\"caption\":\"Culture Ireland\"},\"image\":{\"@id\":\"https:\/\/www.cultureireland.ie\/#\/schema\/logo\/image\/\"}},{\"@type\":\"Person\",\"@id\":\"https:\/\/www.cultureireland.ie\/#\/schema\/person\/5df2b8f7889ad67d78fad0a392295f8a\",\"name\":\"Katie O'Kelly\",\"image\":{\"@type\":\"ImageObject\",\"inLanguage\":\"ga-IE\",\"@id\":\"https:\/\/secure.gravatar.com\/avatar\/edc5ee61f59bd8358f39f4dadf4daf6a445f2622b7c715a8b86d6af0ebb2935b?s=96&d=mm&r=g\",\"url\":\"https:\/\/secure.gravatar.com\/avatar\/edc5ee61f59bd8358f39f4dadf4daf6a445f2622b7c715a8b86d6af0ebb2935b?s=96&d=mm&r=g\",\"contentUrl\":\"https:\/\/secure.gravatar.com\/avatar\/edc5ee61f59bd8358f39f4dadf4daf6a445f2622b7c715a8b86d6af0ebb2935b?s=96&d=mm&r=g\",\"caption\":\"Katie O'Kelly\"}}]}<\/script>\n<!-- \/ Yoast SEO plugin. -->","yoast_head_json":{"title":"\u00c9ire ag Aonach Leabhar Londan (10 - 12 M\u00e1rta 2026) - Culture Ireland | Cult\u00far \u00c9ireann","robots":{"index":"index","follow":"follow","max-snippet":"max-snippet:-1","max-image-preview":"max-image-preview:large","max-video-preview":"max-video-preview:-1"},"canonical":"https:\/\/www.cultureireland.ie\/ga\/eire-ag-aonach-leabhar-londan-10-12-marta-2026\/","og_locale":"ga_IE","og_type":"article","og_title":"\u00c9ire ag Aonach Leabhar Londan (10 - 12 M\u00e1rta 2026) - Culture Ireland | Cult\u00far \u00c9ireann","og_description":"Glao Cult\u00far \u00c9ireann ar rannph\u00e1irt\u00edocht \u00f3 fhoilsitheoir\u00ed neamhsple\u00e1cha \u00c9ireannacha &nbsp; Tr\u00edna dheontas bliant\u00fail a chuir ar f\u00e1il do Litr\u00edocht \u00c9ireann, thacaigh Cult\u00far \u00c9ireann le l\u00e1ithreacht seast\u00e1n agus toscaireacht \u00c9ireannach ag Aonach Leabhar Londain le blianta fada. Tar \u00e9is cl\u00e1r p\u00edol\u00f3tach tosaigh chun tac\u00fa le foilsitheoir\u00ed freastal ar Aonach Leabhar Londan in 2025, t\u00e1 Cult\u00far \u00c9ireann...","og_url":"https:\/\/www.cultureireland.ie\/ga\/eire-ag-aonach-leabhar-londan-10-12-marta-2026\/","og_site_name":"Culture Ireland | Cult\u00far \u00c9ireann","article_published_time":"2026-01-07T15:25:46+00:00","article_modified_time":"2026-01-07T15:27:51+00:00","og_image":[{"width":1024,"height":697,"url":"https:\/\/www.cultureireland.ie\/wp-content\/uploads\/2026\/01\/London-Book-Fair-2026-Delegates-Call-CI-Website-1440-x-980-px-1024x697.png","type":"image\/png"}],"author":"Katie O'Kelly","twitter_card":"summary_large_image","twitter_misc":{"Written by":"Katie O'Kelly","Est. reading time":"2 minutes"},"schema":{"@context":"https:\/\/schema.org","@graph":[{"@type":"Article","@id":"https:\/\/www.cultureireland.ie\/ga\/eire-ag-aonach-leabhar-londan-10-12-marta-2026\/#article","isPartOf":{"@id":"https:\/\/www.cultureireland.ie\/ga\/eire-ag-aonach-leabhar-londan-10-12-marta-2026\/"},"author":{"name":"Katie O'Kelly","@id":"https:\/\/www.cultureireland.ie\/#\/schema\/person\/5df2b8f7889ad67d78fad0a392295f8a"},"headline":"\u00c9ire ag Aonach Leabhar Londan (10 &#8211; 12 M\u00e1rta 2026)","datePublished":"2026-01-07T15:25:46+00:00","dateModified":"2026-01-07T15:27:51+00:00","mainEntityOfPage":{"@id":"https:\/\/www.cultureireland.ie\/ga\/eire-ag-aonach-leabhar-londan-10-12-marta-2026\/"},"wordCount":426,"publisher":{"@id":"https:\/\/www.cultureireland.ie\/#organization"},"image":{"@id":"https:\/\/www.cultureireland.ie\/ga\/eire-ag-aonach-leabhar-londan-10-12-marta-2026\/#primaryimage"},"thumbnailUrl":"https:\/\/www.cultureireland.ie\/wp-content\/uploads\/2026\/01\/London-Book-Fair-2026-Delegates-Call-CI-Website-1440-x-980-px.png","articleSection":["News"],"inLanguage":"ga-IE"},{"@type":"WebPage","@id":"https:\/\/www.cultureireland.ie\/ga\/eire-ag-aonach-leabhar-londan-10-12-marta-2026\/","url":"https:\/\/www.cultureireland.ie\/ga\/eire-ag-aonach-leabhar-londan-10-12-marta-2026\/","name":"\u00c9ire ag Aonach Leabhar Londan (10 - 12 M\u00e1rta 2026) - Culture Ireland | Cult\u00far \u00c9ireann","isPartOf":{"@id":"https:\/\/www.cultureireland.ie\/#website"},"primaryImageOfPage":{"@id":"https:\/\/www.cultureireland.ie\/ga\/eire-ag-aonach-leabhar-londan-10-12-marta-2026\/#primaryimage"},"image":{"@id":"https:\/\/www.cultureireland.ie\/ga\/eire-ag-aonach-leabhar-londan-10-12-marta-2026\/#primaryimage"},"thumbnailUrl":"https:\/\/www.cultureireland.ie\/wp-content\/uploads\/2026\/01\/London-Book-Fair-2026-Delegates-Call-CI-Website-1440-x-980-px.png","datePublished":"2026-01-07T15:25:46+00:00","dateModified":"2026-01-07T15:27:51+00:00","breadcrumb":{"@id":"https:\/\/www.cultureireland.ie\/ga\/eire-ag-aonach-leabhar-londan-10-12-marta-2026\/#breadcrumb"},"inLanguage":"ga-IE","potentialAction":[{"@type":"ReadAction","target":["https:\/\/www.cultureireland.ie\/ga\/eire-ag-aonach-leabhar-londan-10-12-marta-2026\/"]}]},{"@type":"ImageObject","inLanguage":"ga-IE","@id":"https:\/\/www.cultureireland.ie\/ga\/eire-ag-aonach-leabhar-londan-10-12-marta-2026\/#primaryimage","url":"https:\/\/www.cultureireland.ie\/wp-content\/uploads\/2026\/01\/London-Book-Fair-2026-Delegates-Call-CI-Website-1440-x-980-px.png","contentUrl":"https:\/\/www.cultureireland.ie\/wp-content\/uploads\/2026\/01\/London-Book-Fair-2026-Delegates-Call-CI-Website-1440-x-980-px.png","width":1440,"height":980},{"@type":"BreadcrumbList","@id":"https:\/\/www.cultureireland.ie\/ga\/eire-ag-aonach-leabhar-londan-10-12-marta-2026\/#breadcrumb","itemListElement":[{"@type":"ListItem","position":1,"name":"Home","item":"https:\/\/www.cultureireland.ie\/"},{"@type":"ListItem","position":2,"name":"\u00c9ire ag Aonach Leabhar Londan (10 &#8211; 12 M\u00e1rta 2026)"}]},{"@type":"WebSite","@id":"https:\/\/www.cultureireland.ie\/#website","url":"https:\/\/www.cultureireland.ie\/","name":"Culture Ireland | Cult\u00far \u00c9ireann","description":"","publisher":{"@id":"https:\/\/www.cultureireland.ie\/#organization"},"potentialAction":[{"@type":"SearchAction","target":{"@type":"EntryPoint","urlTemplate":"https:\/\/www.cultureireland.ie\/?s={search_term_string}"},"query-input":{"@type":"PropertyValueSpecification","valueRequired":true,"valueName":"search_term_string"}}],"inLanguage":"ga-IE"},{"@type":"Organization","@id":"https:\/\/www.cultureireland.ie\/#organization","name":"Culture Ireland","url":"https:\/\/www.cultureireland.ie\/","logo":{"@type":"ImageObject","inLanguage":"ga-IE","@id":"https:\/\/www.cultureireland.ie\/#\/schema\/logo\/image\/","url":"https:\/\/www.cultureireland.ie\/wp-content\/uploads\/2024\/04\/Department-Tourism.png","contentUrl":"https:\/\/www.cultureireland.ie\/wp-content\/uploads\/2024\/04\/Department-Tourism.png","width":231,"height":218,"caption":"Culture Ireland"},"image":{"@id":"https:\/\/www.cultureireland.ie\/#\/schema\/logo\/image\/"}},{"@type":"Person","@id":"https:\/\/www.cultureireland.ie\/#\/schema\/person\/5df2b8f7889ad67d78fad0a392295f8a","name":"Katie O'Kelly","image":{"@type":"ImageObject","inLanguage":"ga-IE","@id":"https:\/\/secure.gravatar.com\/avatar\/edc5ee61f59bd8358f39f4dadf4daf6a445f2622b7c715a8b86d6af0ebb2935b?s=96&d=mm&r=g","url":"https:\/\/secure.gravatar.com\/avatar\/edc5ee61f59bd8358f39f4dadf4daf6a445f2622b7c715a8b86d6af0ebb2935b?s=96&d=mm&r=g","contentUrl":"https:\/\/secure.gravatar.com\/avatar\/edc5ee61f59bd8358f39f4dadf4daf6a445f2622b7c715a8b86d6af0ebb2935b?s=96&d=mm&r=g","caption":"Katie O'Kelly"}}]}},"_links":{"self":[{"href":"https:\/\/www.cultureireland.ie\/ga\/wp-json\/wp\/v2\/posts\/3573","targetHints":{"allow":["GET"]}}],"collection":[{"href":"https:\/\/www.cultureireland.ie\/ga\/wp-json\/wp\/v2\/posts"}],"about":[{"href":"https:\/\/www.cultureireland.ie\/ga\/wp-json\/wp\/v2\/types\/post"}],"author":[{"embeddable":true,"href":"https:\/\/www.cultureireland.ie\/ga\/wp-json\/wp\/v2\/users\/23"}],"replies":[{"embeddable":true,"href":"https:\/\/www.cultureireland.ie\/ga\/wp-json\/wp\/v2\/comments?post=3573"}],"version-history":[{"count":1,"href":"https:\/\/www.cultureireland.ie\/ga\/wp-json\/wp\/v2\/posts\/3573\/revisions"}],"predecessor-version":[{"id":3574,"href":"https:\/\/www.cultureireland.ie\/ga\/wp-json\/wp\/v2\/posts\/3573\/revisions\/3574"}],"wp:featuredmedia":[{"embeddable":true,"href":"https:\/\/www.cultureireland.ie\/ga\/wp-json\/wp\/v2\/media\/3570"}],"wp:attachment":[{"href":"https:\/\/www.cultureireland.ie\/ga\/wp-json\/wp\/v2\/media?parent=3573"}],"wp:term":[{"taxonomy":"category","embeddable":true,"href":"https:\/\/www.cultureireland.ie\/ga\/wp-json\/wp\/v2\/categories?post=3573"},{"taxonomy":"post_tag","embeddable":true,"href":"https:\/\/www.cultureireland.ie\/ga\/wp-json\/wp\/v2\/tags?post=3573"}],"curies":[{"name":"wp","href":"https:\/\/api.w.org\/{rel}","templated":true}]}}