{"id":2851,"date":"2024-11-06T11:28:16","date_gmt":"2024-11-06T11:28:16","guid":{"rendered":"https:\/\/www.cultureireland.ie\/?p=2851"},"modified":"2024-11-08T14:24:16","modified_gmt":"2024-11-08T14:24:16","slug":"ireland-at-venice-minister-catherine-martin-announces-irish-representation-at-61st-venice-art-biennale-in-2026-artist-isabel-nolan","status":"publish","type":"post","link":"https:\/\/www.cultureireland.ie\/ga\/ireland-at-venice-minister-catherine-martin-announces-irish-representation-at-61st-venice-art-biennale-in-2026-artist-isabel-nolan\/","title":{"rendered":"Ireland at Venice &#8211; Minister Catherine Martin announces Irish representation at 61st Venice Art Biennale in 2026: artist Isabel Nolan"},"content":{"rendered":"<p>The Minister for Tourism, Culture, Arts, Gaeltacht, Sports and Media, Catherine Martin T.D. has announced the selection of artist, Isabel Nolan, with Georgina Jackson and The Douglas Hyde Gallery of Contemporary Art as the curator, to represent Ireland at the 61st Venice Art Biennale in 2026.<br \/>\nThe Venice Biennale is one of the most important international platforms for visual arts, attracting over half a million visitors, including global curators, gallerists, art critics, and artists. The selection of the team to represent Ireland was made following an open, competitive process, with international jury members.<\/p>\n<p>Minister Martin, said:<br \/>\n\u201cI would like to congratulate Isabel Nolan, Georgina Jackson and The Douglas Hyde Gallery on being selected to represent Ireland at the 2026 Venice Art Biennale. Isabel Nolan is recognised to be at the forefront of Irish visual arts practice. Participation at the Venice Art Biennale increases awareness of Ireland\u2019s strong visual arts sector; it is also an important moment in an artist\u2019s career. My Department, through Culture Ireland, commissions Ireland at Venice in partnership with the Arts Council.\u201d<\/p>\n<p>Artist Isabel Nolan\u2019s exhibitions are rooted in big subjects: cosmology and deep history; religion and mythology; mortality and love. Working across sculpture, textiles, paintings, drawings, photography and writing, Nolan responds to the fundamental question of how humans bring the world into meaning. Her work has a remarkable capacity to speak to audiences, looking for ways to like, or even love, the complex world we\u2019ve made. In 2027, this work will return to Ireland on a national tour, supported by the Arts Council, in a variety of venues across the island.<\/p>\n<p>The selected artist, Isabel Nolan said:<br \/>\n\u201cTo represent Ireland in any sphere of cultural activity is a great privilege. To have my work in congregation with so many other artists is a rare opportunity; as is the occasion to reach such large audiences there, and at home with the national tour. Venice is an extraordinary city and to have the great fortune to realise this ambitious project with curator Georgina Jackson of The Douglas Hyde and producer Cian O\u2019Brien is very exciting. Art has a strange and special capacity to make and test powerful kinds of community with shared knowledge and beauty, however temporary. The Venice Biennial is a stage like no other.\u201d<\/p>\n<p>Curator Georgina Jackson said:<br \/>\n\u201cArtist Isabel Nolan is a leading light of contemporary Irish visual art. The Venice Biennale is an incredible platform to spotlight both her work and the vibrancy of Irish contemporary visual art, and connect to far reaching audiences. Showing Isabel\u2019s work in Venice is a powerful proposition; motifs that recur in her work include arches, fallen chandeliers, surging waves and dying suns\u2013 imagery which will resonate dramatically in the Arsenale. I am honoured and excited to work with Isabel, producer Cian O\u2019Brien, the team at The Douglas Hyde, Culture Ireland and The Arts Council to deliver Ireland at Venice 2026, and build on the legacy of successful previous pavilions.&#8221;<\/p>\n<hr \/>\n<h2 style=\"text-align: left;\">\u00c9ire sa Vein\u00e9is &#8211; Ionada\u00edocht na h\u00c9ireann ag 61\u00fa Biennale Eala\u00edne na Vein\u00e9ise in 2026 f\u00f3gartha ag an Aire Catherine Martin: eala\u00edont\u00f3ir Isabel Nolan<\/h2>\n<p>T\u00e1 f\u00f3gartha ag an Aire Turas\u00f3ireachta, Cult\u00fair, Eala\u00edon, Gaeltachta, Sp\u00f3irt agus Me\u00e1n, Catherine Martin, T.D., gur roghna\u00edodh an t-eala\u00edont\u00f3ir Isabel Nolan, le<br \/>\nGeorgina Jackson agus The Douglas Hyde Gallery of Contemporary Art mar l\u00e9iritheoir, chun ionada\u00edocht a dh\u00e9anamh ar \u00c9irinn ag 61\u00fa Biennale Eala\u00edne na Vein\u00e9ise in 2026.<\/p>\n<p>T\u00e1 Biennale na Vein\u00e9ise ar cheann de na hard\u00e1in idirn\u00e1isi\u00fanta is t\u00e1bhachta\u00ed do na hamharc-eala\u00edona, a mheallann os cionn leathmhilli\u00fan cuairteoir, ar a n-\u00e1ir\u00edtear l\u00e9iritheoir\u00ed idirn\u00e1isi\u00fanta, lucht na nd\u00e1nlann, criticeoir\u00ed eala\u00edne, agus eala\u00edont\u00f3ir\u00ed. Roghna\u00edodh foireann ionada\u00edochta na h\u00c9ireann i ndiaidh pr\u00f3isis ioma\u00edoch oscailte le molt\u00f3ir\u00ed idirn\u00e1isi\u00fanta.<\/p>\n<p>D\u00fairt an tAire Martin:<br \/>\n\u201cBa mhaith liom mo chomhghairdeas a ghabh\u00e1il le Isabel Nolan, Georgina Jackson agus The Douglas Hyde Gallery as a bheith roghnaithe chun ionada\u00edocht a dh\u00e9anamh ar \u00c9irinn ag Biennale Eala\u00edne na Vein\u00e9ise 2026. T\u00e1 aitheantas ar Isabel Nolan mar eala\u00edont\u00f3ir ar th\u00fas cadhna\u00edochta i gcleachtas amharc-eala\u00edon na h\u00c9ireann. M\u00e9ada\u00edtear feasacht ar earn\u00e1il l\u00e1idir amharc-eala\u00edon na h\u00c9ireann tr\u00ed rannph\u00e1irt\u00edocht in Biennale Eala\u00edne na Vein\u00e9ise; is pointe t\u00e1bhachtach i ngairm eala\u00edont\u00f3ra \u00e9. D\u00e9anann mo Roinn, tr\u00ed Chult\u00far \u00c9ireann, \u00c9ire sa Vein\u00e9is a choimisi\u00fan\u00fa i gcomhar leis an gComhairle Eala\u00edon.\u201d<\/p>\n<p>T\u00e1 taispe\u00e1ntais an eala\u00edont\u00f3ra Isabel Nolan fr\u00e9amhaithe in \u00e1bhair mh\u00f3ra: an chosmeola\u00edocht agus an stair dhomhain; an reiligi\u00fan agus an mhiotaseola\u00edocht; an b\u00e1s agus an gr\u00e1. Agus \u00ed ag obair sa dealbh\u00f3ireacht, teicst\u00edl\u00ed, picti\u00fair, l\u00edn\u00edochta\u00ed, an ghrianghrafad\u00f3ireacht agus an scr\u00edbhneoireacht, tugann Nolan aghaidh ar cheisteanna faoi conas br\u00ed a chur sa domhain. T\u00e1 cumas iontach ag saothar s\u2019aici dul i dteagmh\u00e1il leis an phobal, agus iad ag iarraidh beala\u00ed a aimsi\u00fa chun taitneamh a bhaint as an domhan chasta at\u00e1 cruthaithe againn, n\u00f3 fi\u00fa gr\u00e1 a bheith acu d\u00f3. In 2027, tiocfaidh an saothar seo ar ais go h\u00c9irinn ar chamchuairt n\u00e1isi\u00fanta, arna tac\u00fa ag an Chomhairle Eala\u00edon, in ionaid \u00e9ags\u00fala ar fud an oile\u00e1in.<\/p>\n<p>D\u00fairt an t-eala\u00edont\u00f3ir a roghna\u00edodh, Isabel Nolan:<br \/>\n\u201cIs pribhl\u00e9id mh\u00f3r \u00ed ionada\u00edocht a dh\u00e9anamh ar \u00c9irinn i r\u00e9imse ar bith den ghn\u00edomha\u00edocht chult\u00fartha. Is deis annamh \u00ed mo shaothar a bheith ar taispe\u00e1int in \u00e9ineacht leis an iliomad eala\u00edont\u00f3ir\u00ed eile; chomh maith leis an tseans chun dul i dteagmh\u00e1il le pobail mh\u00f3ra ansin, agus sa bhaile leis an chamchuairt n\u00e1isi\u00fanta.<br \/>\nCathair iontach \u00ed an Vein\u00e9is agus t\u00e1 m\u00e9 ar b\u00eds go bhfuil an t-\u00e1dh m\u00f3r liom gur f\u00e9idir liom an tionscadal uaillmhianach seo a thabhairt chun cr\u00edche leis an l\u00e9iritheoir Georgina Jackson \u00f3n Douglas Hyde agus an l\u00e9iritheoir Cian O\u2019Brien. T\u00e1 an cumas ait agus speisialta ag an eala\u00edn cine\u00e1lacha cumhachtacha pobal a chruth\u00fa agus a th\u00e1st\u00e1il le heolas agus \u00e1illeacht chomhroinnte, is cuma c\u00e9 chomh sealadach agus at\u00e1 siad. Is st\u00e1itse \u00e9 Biennale na Vein\u00e9ise nach bhfuil a sh\u00e1r\u00fa ann.\u201d<\/p>\n<p>D\u00fairt an l\u00e9iritheoir Georgina Jackson:<br \/>\n\u201cIs duine de mh\u00f3r-r\u00e9alta\u00ed amharc-eala\u00edona comhaimseartha na h\u00c9ireann \u00ed an t-eala\u00edont\u00f3ir Isabel Nolan. Is ard\u00e1n dochreidte \u00e9 Biennale na Vein\u00e9ise chun b\u00e9im a leagan ar a saothar agus ar bheocht amharc-eala\u00edona comhaimseartha na h\u00c9ireann araon, agus chun ceangal a dh\u00e9anamh le pobail fhairsinge. Is fiontar cumhachtach \u00e9 saothar Isabel a l\u00e9iri\u00fa sa Vein\u00e9is; i measc na m\u00f3it\u00edfeanna a thagann an\u00edos go minic ina saothar t\u00e1 \u00e1irs\u00ed, crainn solais thite, tonnta ag \u00e9ir\u00ed t\u00f3gtha agus grianta ag dul in \u00e9ag \u2013 \u00edomh\u00e1nna a bheidh an-chumhachtach san Arsenale. Is m\u00f3r an on\u00f3ir agus \u00e1bhar scleondar dom a bheith in ann oibri\u00fa le Isabel, an l\u00e9iritheoir Cian O\u2019Brien, foireann The Douglas Hyde, Cult\u00far \u00c9ireann agus an Chomhairle Eala\u00edon chun \u00c9ire sa Vein\u00e9is 2026 a chur chun cr\u00edche, agus chun cur le hoidhreacht na pailli\u00fain rath\u00fala a tharla roimhe seo.\u201d<\/p>\n<hr \/>\n<p><em>Image credits: (L to R) Emma Moore, Curator Georgina Jackson, Artist Isabel Nolan, Producer Cian O\u2019Brien, Niamh Darling and Rachel McIntyre at The Douglas Hyde Gallery of Contemporary Art, Dublin, 2024. Photo: Ste Murray.<\/em><\/p>\n","protected":false},"excerpt":{"rendered":"<p>The Minister for Tourism, Culture, Arts, Gaeltacht, Sports and Media, Catherine Martin T.D. has announced the selection of artist, Isabel Nolan, with Georgina Jackson and The Douglas Hyde Gallery of Contemporary Art as the curator, to represent Ireland at the 61st Venice Art Biennale in 2026. The Venice Biennale is one of the most important&#8230; <\/p>\n","protected":false},"author":23,"featured_media":2852,"comment_status":"closed","ping_status":"closed","sticky":false,"template":"","format":"standard","meta":{"_acf_changed":false,"footnotes":""},"categories":[6,1],"tags":[],"class_list":["post-2851","post","type-post","status-publish","format-standard","has-post-thumbnail","hentry","category-news","category-uncategorised"],"acf":[],"yoast_head":"<!-- This site is optimized with the Yoast SEO plugin v27.2 - https:\/\/yoast.com\/product\/yoast-seo-wordpress\/ -->\n<title>Ireland at Venice - Minister Catherine Martin announces Irish representation at 61st Venice Art Biennale in 2026: artist Isabel Nolan - Culture Ireland | Cult\u00far \u00c9ireann<\/title>\n<meta name=\"robots\" content=\"index, follow, max-snippet:-1, max-image-preview:large, max-video-preview:-1\" \/>\n<link rel=\"canonical\" href=\"https:\/\/www.cultureireland.ie\/ireland-at-venice-minister-catherine-martin-announces-irish-representation-at-61st-venice-art-biennale-in-2026-artist-isabel-nolan\/\" \/>\n<meta property=\"og:locale\" content=\"ga_IE\" \/>\n<meta property=\"og:type\" content=\"article\" \/>\n<meta property=\"og:title\" content=\"Ireland at Venice - Minister Catherine Martin announces Irish representation at 61st Venice Art Biennale in 2026: artist Isabel Nolan - Culture Ireland | Cult\u00far \u00c9ireann\" \/>\n<meta property=\"og:description\" content=\"The Minister for Tourism, Culture, Arts, Gaeltacht, Sports and Media, Catherine Martin T.D. has announced the selection of artist, Isabel Nolan, with Georgina Jackson and The Douglas Hyde Gallery of Contemporary Art as the curator, to represent Ireland at the 61st Venice Art Biennale in 2026. The Venice Biennale is one of the most important...\" \/>\n<meta property=\"og:url\" content=\"https:\/\/www.cultureireland.ie\/ireland-at-venice-minister-catherine-martin-announces-irish-representation-at-61st-venice-art-biennale-in-2026-artist-isabel-nolan\/\" \/>\n<meta property=\"og:site_name\" content=\"Culture Ireland | Cult\u00far \u00c9ireann\" \/>\n<meta property=\"article:published_time\" content=\"2024-11-06T11:28:16+00:00\" \/>\n<meta property=\"article:modified_time\" content=\"2024-11-08T14:24:16+00:00\" \/>\n<meta property=\"og:image\" content=\"https:\/\/www.cultureireland.ie\/wp-content\/uploads\/2024\/11\/IAV_1_crop_PhotoBySteMurray-scaled-e1730892412876.jpg\" \/>\n\t<meta property=\"og:image:width\" content=\"2000\" \/>\n\t<meta property=\"og:image:height\" content=\"1334\" \/>\n\t<meta property=\"og:image:type\" content=\"image\/jpeg\" \/>\n<meta name=\"author\" content=\"Katie O&#039;Kelly\" \/>\n<meta name=\"twitter:card\" content=\"summary_large_image\" \/>\n<meta name=\"twitter:label1\" content=\"Written by\" \/>\n\t<meta name=\"twitter:data1\" content=\"Katie O&#039;Kelly\" \/>\n\t<meta name=\"twitter:label2\" content=\"Est. reading time\" \/>\n\t<meta name=\"twitter:data2\" content=\"6 minutes\" \/>\n<script type=\"application\/ld+json\" class=\"yoast-schema-graph\">{\"@context\":\"https:\/\/schema.org\",\"@graph\":[{\"@type\":\"Article\",\"@id\":\"https:\/\/www.cultureireland.ie\/ireland-at-venice-minister-catherine-martin-announces-irish-representation-at-61st-venice-art-biennale-in-2026-artist-isabel-nolan\/#article\",\"isPartOf\":{\"@id\":\"https:\/\/www.cultureireland.ie\/ireland-at-venice-minister-catherine-martin-announces-irish-representation-at-61st-venice-art-biennale-in-2026-artist-isabel-nolan\/\"},\"author\":{\"name\":\"Katie O'Kelly\",\"@id\":\"https:\/\/www.cultureireland.ie\/#\/schema\/person\/5df2b8f7889ad67d78fad0a392295f8a\"},\"headline\":\"Ireland at Venice &#8211; Minister Catherine Martin announces Irish representation at 61st Venice Art Biennale in 2026: artist Isabel Nolan\",\"datePublished\":\"2024-11-06T11:28:16+00:00\",\"dateModified\":\"2024-11-08T14:24:16+00:00\",\"mainEntityOfPage\":{\"@id\":\"https:\/\/www.cultureireland.ie\/ireland-at-venice-minister-catherine-martin-announces-irish-representation-at-61st-venice-art-biennale-in-2026-artist-isabel-nolan\/\"},\"wordCount\":1304,\"publisher\":{\"@id\":\"https:\/\/www.cultureireland.ie\/#organization\"},\"image\":{\"@id\":\"https:\/\/www.cultureireland.ie\/ireland-at-venice-minister-catherine-martin-announces-irish-representation-at-61st-venice-art-biennale-in-2026-artist-isabel-nolan\/#primaryimage\"},\"thumbnailUrl\":\"https:\/\/www.cultureireland.ie\/wp-content\/uploads\/2024\/11\/IAV_1_crop_PhotoBySteMurray-scaled-e1730892412876.jpg\",\"articleSection\":[\"News\",\"Uncategorised\"],\"inLanguage\":\"ga-IE\"},{\"@type\":\"WebPage\",\"@id\":\"https:\/\/www.cultureireland.ie\/ireland-at-venice-minister-catherine-martin-announces-irish-representation-at-61st-venice-art-biennale-in-2026-artist-isabel-nolan\/\",\"url\":\"https:\/\/www.cultureireland.ie\/ireland-at-venice-minister-catherine-martin-announces-irish-representation-at-61st-venice-art-biennale-in-2026-artist-isabel-nolan\/\",\"name\":\"Ireland at Venice - Minister Catherine Martin announces Irish representation at 61st Venice Art Biennale in 2026: artist Isabel Nolan - Culture Ireland | Cult\u00far \u00c9ireann\",\"isPartOf\":{\"@id\":\"https:\/\/www.cultureireland.ie\/#website\"},\"primaryImageOfPage\":{\"@id\":\"https:\/\/www.cultureireland.ie\/ireland-at-venice-minister-catherine-martin-announces-irish-representation-at-61st-venice-art-biennale-in-2026-artist-isabel-nolan\/#primaryimage\"},\"image\":{\"@id\":\"https:\/\/www.cultureireland.ie\/ireland-at-venice-minister-catherine-martin-announces-irish-representation-at-61st-venice-art-biennale-in-2026-artist-isabel-nolan\/#primaryimage\"},\"thumbnailUrl\":\"https:\/\/www.cultureireland.ie\/wp-content\/uploads\/2024\/11\/IAV_1_crop_PhotoBySteMurray-scaled-e1730892412876.jpg\",\"datePublished\":\"2024-11-06T11:28:16+00:00\",\"dateModified\":\"2024-11-08T14:24:16+00:00\",\"breadcrumb\":{\"@id\":\"https:\/\/www.cultureireland.ie\/ireland-at-venice-minister-catherine-martin-announces-irish-representation-at-61st-venice-art-biennale-in-2026-artist-isabel-nolan\/#breadcrumb\"},\"inLanguage\":\"ga-IE\",\"potentialAction\":[{\"@type\":\"ReadAction\",\"target\":[\"https:\/\/www.cultureireland.ie\/ireland-at-venice-minister-catherine-martin-announces-irish-representation-at-61st-venice-art-biennale-in-2026-artist-isabel-nolan\/\"]}]},{\"@type\":\"ImageObject\",\"inLanguage\":\"ga-IE\",\"@id\":\"https:\/\/www.cultureireland.ie\/ireland-at-venice-minister-catherine-martin-announces-irish-representation-at-61st-venice-art-biennale-in-2026-artist-isabel-nolan\/#primaryimage\",\"url\":\"https:\/\/www.cultureireland.ie\/wp-content\/uploads\/2024\/11\/IAV_1_crop_PhotoBySteMurray-scaled-e1730892412876.jpg\",\"contentUrl\":\"https:\/\/www.cultureireland.ie\/wp-content\/uploads\/2024\/11\/IAV_1_crop_PhotoBySteMurray-scaled-e1730892412876.jpg\",\"width\":2000,\"height\":1334},{\"@type\":\"BreadcrumbList\",\"@id\":\"https:\/\/www.cultureireland.ie\/ireland-at-venice-minister-catherine-martin-announces-irish-representation-at-61st-venice-art-biennale-in-2026-artist-isabel-nolan\/#breadcrumb\",\"itemListElement\":[{\"@type\":\"ListItem\",\"position\":1,\"name\":\"Home\",\"item\":\"https:\/\/www.cultureireland.ie\/\"},{\"@type\":\"ListItem\",\"position\":2,\"name\":\"Ireland at Venice &#8211; Minister Catherine Martin announces Irish representation at 61st Venice Art Biennale in 2026: artist Isabel Nolan\"}]},{\"@type\":\"WebSite\",\"@id\":\"https:\/\/www.cultureireland.ie\/#website\",\"url\":\"https:\/\/www.cultureireland.ie\/\",\"name\":\"Culture Ireland | Cult\u00far \u00c9ireann\",\"description\":\"\",\"publisher\":{\"@id\":\"https:\/\/www.cultureireland.ie\/#organization\"},\"potentialAction\":[{\"@type\":\"SearchAction\",\"target\":{\"@type\":\"EntryPoint\",\"urlTemplate\":\"https:\/\/www.cultureireland.ie\/?s={search_term_string}\"},\"query-input\":{\"@type\":\"PropertyValueSpecification\",\"valueRequired\":true,\"valueName\":\"search_term_string\"}}],\"inLanguage\":\"ga-IE\"},{\"@type\":\"Organization\",\"@id\":\"https:\/\/www.cultureireland.ie\/#organization\",\"name\":\"Culture Ireland\",\"url\":\"https:\/\/www.cultureireland.ie\/\",\"logo\":{\"@type\":\"ImageObject\",\"inLanguage\":\"ga-IE\",\"@id\":\"https:\/\/www.cultureireland.ie\/#\/schema\/logo\/image\/\",\"url\":\"https:\/\/www.cultureireland.ie\/wp-content\/uploads\/2024\/04\/Department-Tourism.png\",\"contentUrl\":\"https:\/\/www.cultureireland.ie\/wp-content\/uploads\/2024\/04\/Department-Tourism.png\",\"width\":231,\"height\":218,\"caption\":\"Culture Ireland\"},\"image\":{\"@id\":\"https:\/\/www.cultureireland.ie\/#\/schema\/logo\/image\/\"}},{\"@type\":\"Person\",\"@id\":\"https:\/\/www.cultureireland.ie\/#\/schema\/person\/5df2b8f7889ad67d78fad0a392295f8a\",\"name\":\"Katie O'Kelly\",\"image\":{\"@type\":\"ImageObject\",\"inLanguage\":\"ga-IE\",\"@id\":\"https:\/\/secure.gravatar.com\/avatar\/edc5ee61f59bd8358f39f4dadf4daf6a445f2622b7c715a8b86d6af0ebb2935b?s=96&d=mm&r=g\",\"url\":\"https:\/\/secure.gravatar.com\/avatar\/edc5ee61f59bd8358f39f4dadf4daf6a445f2622b7c715a8b86d6af0ebb2935b?s=96&d=mm&r=g\",\"contentUrl\":\"https:\/\/secure.gravatar.com\/avatar\/edc5ee61f59bd8358f39f4dadf4daf6a445f2622b7c715a8b86d6af0ebb2935b?s=96&d=mm&r=g\",\"caption\":\"Katie O'Kelly\"}}]}<\/script>\n<!-- \/ Yoast SEO plugin. -->","yoast_head_json":{"title":"Ireland at Venice - Minister Catherine Martin announces Irish representation at 61st Venice Art Biennale in 2026: artist Isabel Nolan - Culture Ireland | Cult\u00far \u00c9ireann","robots":{"index":"index","follow":"follow","max-snippet":"max-snippet:-1","max-image-preview":"max-image-preview:large","max-video-preview":"max-video-preview:-1"},"canonical":"https:\/\/www.cultureireland.ie\/ireland-at-venice-minister-catherine-martin-announces-irish-representation-at-61st-venice-art-biennale-in-2026-artist-isabel-nolan\/","og_locale":"ga_IE","og_type":"article","og_title":"Ireland at Venice - Minister Catherine Martin announces Irish representation at 61st Venice Art Biennale in 2026: artist Isabel Nolan - Culture Ireland | Cult\u00far \u00c9ireann","og_description":"The Minister for Tourism, Culture, Arts, Gaeltacht, Sports and Media, Catherine Martin T.D. has announced the selection of artist, Isabel Nolan, with Georgina Jackson and The Douglas Hyde Gallery of Contemporary Art as the curator, to represent Ireland at the 61st Venice Art Biennale in 2026. The Venice Biennale is one of the most important...","og_url":"https:\/\/www.cultureireland.ie\/ireland-at-venice-minister-catherine-martin-announces-irish-representation-at-61st-venice-art-biennale-in-2026-artist-isabel-nolan\/","og_site_name":"Culture Ireland | Cult\u00far \u00c9ireann","article_published_time":"2024-11-06T11:28:16+00:00","article_modified_time":"2024-11-08T14:24:16+00:00","og_image":[{"width":2000,"height":1334,"url":"https:\/\/www.cultureireland.ie\/wp-content\/uploads\/2024\/11\/IAV_1_crop_PhotoBySteMurray-scaled-e1730892412876.jpg","type":"image\/jpeg"}],"author":"Katie O'Kelly","twitter_card":"summary_large_image","twitter_misc":{"Written by":"Katie O'Kelly","Est. reading time":"6 minutes"},"schema":{"@context":"https:\/\/schema.org","@graph":[{"@type":"Article","@id":"https:\/\/www.cultureireland.ie\/ireland-at-venice-minister-catherine-martin-announces-irish-representation-at-61st-venice-art-biennale-in-2026-artist-isabel-nolan\/#article","isPartOf":{"@id":"https:\/\/www.cultureireland.ie\/ireland-at-venice-minister-catherine-martin-announces-irish-representation-at-61st-venice-art-biennale-in-2026-artist-isabel-nolan\/"},"author":{"name":"Katie O'Kelly","@id":"https:\/\/www.cultureireland.ie\/#\/schema\/person\/5df2b8f7889ad67d78fad0a392295f8a"},"headline":"Ireland at Venice &#8211; Minister Catherine Martin announces Irish representation at 61st Venice Art Biennale in 2026: artist Isabel Nolan","datePublished":"2024-11-06T11:28:16+00:00","dateModified":"2024-11-08T14:24:16+00:00","mainEntityOfPage":{"@id":"https:\/\/www.cultureireland.ie\/ireland-at-venice-minister-catherine-martin-announces-irish-representation-at-61st-venice-art-biennale-in-2026-artist-isabel-nolan\/"},"wordCount":1304,"publisher":{"@id":"https:\/\/www.cultureireland.ie\/#organization"},"image":{"@id":"https:\/\/www.cultureireland.ie\/ireland-at-venice-minister-catherine-martin-announces-irish-representation-at-61st-venice-art-biennale-in-2026-artist-isabel-nolan\/#primaryimage"},"thumbnailUrl":"https:\/\/www.cultureireland.ie\/wp-content\/uploads\/2024\/11\/IAV_1_crop_PhotoBySteMurray-scaled-e1730892412876.jpg","articleSection":["News","Uncategorised"],"inLanguage":"ga-IE"},{"@type":"WebPage","@id":"https:\/\/www.cultureireland.ie\/ireland-at-venice-minister-catherine-martin-announces-irish-representation-at-61st-venice-art-biennale-in-2026-artist-isabel-nolan\/","url":"https:\/\/www.cultureireland.ie\/ireland-at-venice-minister-catherine-martin-announces-irish-representation-at-61st-venice-art-biennale-in-2026-artist-isabel-nolan\/","name":"Ireland at Venice - Minister Catherine Martin announces Irish representation at 61st Venice Art Biennale in 2026: artist Isabel Nolan - Culture Ireland | Cult\u00far \u00c9ireann","isPartOf":{"@id":"https:\/\/www.cultureireland.ie\/#website"},"primaryImageOfPage":{"@id":"https:\/\/www.cultureireland.ie\/ireland-at-venice-minister-catherine-martin-announces-irish-representation-at-61st-venice-art-biennale-in-2026-artist-isabel-nolan\/#primaryimage"},"image":{"@id":"https:\/\/www.cultureireland.ie\/ireland-at-venice-minister-catherine-martin-announces-irish-representation-at-61st-venice-art-biennale-in-2026-artist-isabel-nolan\/#primaryimage"},"thumbnailUrl":"https:\/\/www.cultureireland.ie\/wp-content\/uploads\/2024\/11\/IAV_1_crop_PhotoBySteMurray-scaled-e1730892412876.jpg","datePublished":"2024-11-06T11:28:16+00:00","dateModified":"2024-11-08T14:24:16+00:00","breadcrumb":{"@id":"https:\/\/www.cultureireland.ie\/ireland-at-venice-minister-catherine-martin-announces-irish-representation-at-61st-venice-art-biennale-in-2026-artist-isabel-nolan\/#breadcrumb"},"inLanguage":"ga-IE","potentialAction":[{"@type":"ReadAction","target":["https:\/\/www.cultureireland.ie\/ireland-at-venice-minister-catherine-martin-announces-irish-representation-at-61st-venice-art-biennale-in-2026-artist-isabel-nolan\/"]}]},{"@type":"ImageObject","inLanguage":"ga-IE","@id":"https:\/\/www.cultureireland.ie\/ireland-at-venice-minister-catherine-martin-announces-irish-representation-at-61st-venice-art-biennale-in-2026-artist-isabel-nolan\/#primaryimage","url":"https:\/\/www.cultureireland.ie\/wp-content\/uploads\/2024\/11\/IAV_1_crop_PhotoBySteMurray-scaled-e1730892412876.jpg","contentUrl":"https:\/\/www.cultureireland.ie\/wp-content\/uploads\/2024\/11\/IAV_1_crop_PhotoBySteMurray-scaled-e1730892412876.jpg","width":2000,"height":1334},{"@type":"BreadcrumbList","@id":"https:\/\/www.cultureireland.ie\/ireland-at-venice-minister-catherine-martin-announces-irish-representation-at-61st-venice-art-biennale-in-2026-artist-isabel-nolan\/#breadcrumb","itemListElement":[{"@type":"ListItem","position":1,"name":"Home","item":"https:\/\/www.cultureireland.ie\/"},{"@type":"ListItem","position":2,"name":"Ireland at Venice &#8211; Minister Catherine Martin announces Irish representation at 61st Venice Art Biennale in 2026: artist Isabel Nolan"}]},{"@type":"WebSite","@id":"https:\/\/www.cultureireland.ie\/#website","url":"https:\/\/www.cultureireland.ie\/","name":"Culture Ireland | Cult\u00far \u00c9ireann","description":"","publisher":{"@id":"https:\/\/www.cultureireland.ie\/#organization"},"potentialAction":[{"@type":"SearchAction","target":{"@type":"EntryPoint","urlTemplate":"https:\/\/www.cultureireland.ie\/?s={search_term_string}"},"query-input":{"@type":"PropertyValueSpecification","valueRequired":true,"valueName":"search_term_string"}}],"inLanguage":"ga-IE"},{"@type":"Organization","@id":"https:\/\/www.cultureireland.ie\/#organization","name":"Culture Ireland","url":"https:\/\/www.cultureireland.ie\/","logo":{"@type":"ImageObject","inLanguage":"ga-IE","@id":"https:\/\/www.cultureireland.ie\/#\/schema\/logo\/image\/","url":"https:\/\/www.cultureireland.ie\/wp-content\/uploads\/2024\/04\/Department-Tourism.png","contentUrl":"https:\/\/www.cultureireland.ie\/wp-content\/uploads\/2024\/04\/Department-Tourism.png","width":231,"height":218,"caption":"Culture Ireland"},"image":{"@id":"https:\/\/www.cultureireland.ie\/#\/schema\/logo\/image\/"}},{"@type":"Person","@id":"https:\/\/www.cultureireland.ie\/#\/schema\/person\/5df2b8f7889ad67d78fad0a392295f8a","name":"Katie O'Kelly","image":{"@type":"ImageObject","inLanguage":"ga-IE","@id":"https:\/\/secure.gravatar.com\/avatar\/edc5ee61f59bd8358f39f4dadf4daf6a445f2622b7c715a8b86d6af0ebb2935b?s=96&d=mm&r=g","url":"https:\/\/secure.gravatar.com\/avatar\/edc5ee61f59bd8358f39f4dadf4daf6a445f2622b7c715a8b86d6af0ebb2935b?s=96&d=mm&r=g","contentUrl":"https:\/\/secure.gravatar.com\/avatar\/edc5ee61f59bd8358f39f4dadf4daf6a445f2622b7c715a8b86d6af0ebb2935b?s=96&d=mm&r=g","caption":"Katie O'Kelly"}}]}},"_links":{"self":[{"href":"https:\/\/www.cultureireland.ie\/ga\/wp-json\/wp\/v2\/posts\/2851","targetHints":{"allow":["GET"]}}],"collection":[{"href":"https:\/\/www.cultureireland.ie\/ga\/wp-json\/wp\/v2\/posts"}],"about":[{"href":"https:\/\/www.cultureireland.ie\/ga\/wp-json\/wp\/v2\/types\/post"}],"author":[{"embeddable":true,"href":"https:\/\/www.cultureireland.ie\/ga\/wp-json\/wp\/v2\/users\/23"}],"replies":[{"embeddable":true,"href":"https:\/\/www.cultureireland.ie\/ga\/wp-json\/wp\/v2\/comments?post=2851"}],"version-history":[{"count":2,"href":"https:\/\/www.cultureireland.ie\/ga\/wp-json\/wp\/v2\/posts\/2851\/revisions"}],"predecessor-version":[{"id":2857,"href":"https:\/\/www.cultureireland.ie\/ga\/wp-json\/wp\/v2\/posts\/2851\/revisions\/2857"}],"wp:featuredmedia":[{"embeddable":true,"href":"https:\/\/www.cultureireland.ie\/ga\/wp-json\/wp\/v2\/media\/2852"}],"wp:attachment":[{"href":"https:\/\/www.cultureireland.ie\/ga\/wp-json\/wp\/v2\/media?parent=2851"}],"wp:term":[{"taxonomy":"category","embeddable":true,"href":"https:\/\/www.cultureireland.ie\/ga\/wp-json\/wp\/v2\/categories?post=2851"},{"taxonomy":"post_tag","embeddable":true,"href":"https:\/\/www.cultureireland.ie\/ga\/wp-json\/wp\/v2\/tags?post=2851"}],"curies":[{"name":"wp","href":"https:\/\/api.w.org\/{rel}","templated":true}]}}