{"id":2818,"date":"2024-10-18T15:45:43","date_gmt":"2024-10-18T14:45:43","guid":{"rendered":"https:\/\/www.cultureireland.ie\/?p=2818"},"modified":"2024-10-21T11:25:12","modified_gmt":"2024-10-21T10:25:12","slug":"womex2024","status":"publish","type":"post","link":"https:\/\/www.cultureireland.ie\/ga\/womex2024\/","title":{"rendered":"Culture Ireland at WOMEX 2024"},"content":{"rendered":"<p>Culture Ireland at WOMEX 2024 Culture Ireland is supporting two Showcase Artists and five delegates to attend <a href=\"https:\/\/www.womex.com\/\">WOMEX<\/a>, the Worldwide Music Expo taking place in Manchester, GB, from 23 \u2013 27 October 2024.<\/p>\n<p>Now in its 30th year, WOMEX is one of the biggest conferences on the global music scene, featuring a trade fair, talks, films and showcase concerts. Over 2,600 professionals come together every October from 90 countries, making WOMEX one of the leading networking events for the world music industry.<\/p>\n<p>This year, the Showcase Artists supported by Culture Ireland are <a href=\"https:\/\/www.womex.com\/virtual\/sands_clare\/clare_sands\">Clare Sands<\/a> (WOMEX 24 Showcase \u2013 Official Selection) and <a href=\"https:\/\/www.womex.com\/virtual\/welcome_to_the_new\/strange_boy\">Strange Boy<\/a> (WOMEX 24 &#8211; Horizons Regional Stage). The Irish delegates also supported by Culture Ireland travelling to WOMEX are <a href=\"https:\/\/www.instagram.com\/katie_phelan_\/?hl=en\">Katie Phelan<\/a>, <a href=\"http:\/\/patrickstefan.com\">Patrick Stefan<\/a>, <a href=\"https:\/\/www.claudiaschwab.com\/\">Claudia Schwab<\/a>, <a href=\"http:\/\/www.grainnehunt.com\">Gr\u00e1inne Hunt<\/a> and Rossa \u00d3 Snodaigh (representing <a href=\"http:\/\/www.kila.ie\">K\u00edla<\/a>).<\/p>\n<p>Culture Ireland\u2019s participation at WOMEX is part of the <a href=\"https:\/\/www.horizonsatwomex.com\/\">Horizons Partnership<\/a>, a collective of funding agencies and export offices from across the UK and Ireland. The Horizons Partnership celebrates the diverse music that comes from Ireland, Northern Ireland, England, Scotland\/Alba and Cymru\/Wales \u2013 helping talented artists gain international recognition on the world stage. Further information is available here and you can listen to participating artists here.<\/p>\n<hr \/>\n<h3><u>Cult\u00far \u00c9ireann ag WOMEX 2024<\/u><\/h3>\n<p>Cult\u00far \u00c9ireann ag WOMEX 2024 T\u00e1 Cult\u00far \u00c9ireann ag tac\u00fa le beirt Eala\u00edont\u00f3ir\u00ed Taispe\u00e1na agus c\u00faigear toscaire chun freastal ar WOMEX, Taispe\u00e1ntas Domhanda Ceoil a bheidh ar si\u00fal i Manchain, RA, idir an 23 agus an 27 Deireadh F\u00f3mhair 2024.<\/p>\n<p>Anois agus \u00e9 ina 30\u00fa bliain, t\u00e1 WOMEX ar cheann de na comhdh\u00e1lacha is m\u00f3 i saol an cheoil domhanda, ina bhfuil aonach tr\u00e1d\u00e1la, cainteanna, scann\u00e1in agus ceolchoirmeacha taispe\u00e1ntais. Tagann breis is 2,600 gairm\u00ed le ch\u00e9ile gach Deireadh F\u00f3mhair \u00f3 90 t\u00edr, rud a fh\u00e1gann go bhfuil WOMEX ar cheann de na himeachta\u00ed l\u00edonraithe is m\u00f3 le r\u00e1 do thionscal an cheoil domhanda.<\/p>\n<p>I mbliana, is iad na hEala\u00edont\u00f3ir\u00ed Taispe\u00e1na a fhaigheann taca\u00edocht \u00f3 Chult\u00far \u00c9ireann n\u00e1 <a href=\"https:\/\/www.womex.com\/virtual\/sands_clare\/clare_sands\">Clare Sands<\/a> (Taispe\u00e1ntas WOMEX 24 \u2013 Roghn\u00fa Oifigi\u00fail) agus <a href=\"https:\/\/www.womex.com\/virtual\/welcome_to_the_new\/strange_boy\">Strange Boy<\/a> (WOMEX 24 &#8211; Ard\u00e1n R\u00e9igi\u00fanach Horizons). Is iad <a href=\"https:\/\/www.instagram.com\/katie_phelan_\/?hl=en\">Katie Phelan<\/a>, <a href=\"http:\/\/patrickstefan.com\">Patrick Stefan<\/a>, <a href=\"https:\/\/www.claudiaschwab.com\/\">Claudia Schwab<\/a>, <a href=\"http:\/\/www.grainnehunt.com\">Gr\u00e1inne Hunt<\/a> agus Rossa \u00d3 Snodaigh (ionada\u00ed <a href=\"http:\/\/www.kila.ie\">K\u00edla<\/a>) na toscair\u00ed \u00c9ireannacha a fhaigheann taca\u00edocht \u00f3 Chult\u00far \u00c9ireann ag taisteal go WOMEX freisin.<\/p>\n<p>T\u00e1 rannph\u00e1irt\u00edocht Chult\u00far \u00c9ireann ag WOMEX mar chuid de <a href=\"http:\/\/horizonsatwomex.com\">Chomhph\u00e1irt\u00edocht Horizons<\/a>, comhghr\u00fapa de ghn\u00edomhaireachta\u00ed maoinithe agus oifig\u00ed easp\u00f3rt\u00e1la ar fud na RA agus na h\u00c9ireann. D\u00e9anann Comhph\u00e1irt\u00edocht Horizons ceili\u00faradh ar an gceol ilghn\u00e9itheach a thagann as \u00c9irinn, Tuaisceart \u00c9ireann, Sasana, Albain\/Alba agus Cymru\/An Bhreatain Bheag \u2013 ag cuidi\u00fa le heala\u00edont\u00f3ir\u00ed cumasacha aitheantas idirn\u00e1isi\u00fanta a fh\u00e1il ar st\u00e1itse an domhain. T\u00e1 tuilleadh eolais ar f\u00e1il anseo agus is f\u00e9idir \u00e9isteacht le heala\u00edont\u00f3ir\u00ed rannph\u00e1irteacha anseo.<\/p>\n<div style=\"position: relative; padding-top: max(60%,326px); height: 0; width: 100%;\"><iframe style=\"position: absolute; border: none; width: 100%; height: 100%; left: 0; right: 0; top: 0; bottom: 0;\" src=\"https:\/\/e.issuu.com\/embed.html?d=womex-2024_digital_issuu&amp;doAutoflipPages=true&amp;u=cultureireland\" sandbox=\"allow-top-navigation allow-top-navigation-by-user-activation allow-downloads allow-scripts allow-same-origin allow-popups allow-modals allow-popups-to-escape-sandbox allow-forms\" allowfullscreen=\"allowfullscreen\"><\/iframe><\/div>\n<p>&nbsp;<\/p>\n<p>Photo credits: Paul McCarthy \/ Clare Nash<\/p>\n","protected":false},"excerpt":{"rendered":"<p>Culture Ireland at WOMEX 2024 Culture Ireland is supporting two Showcase Artists and five delegates to attend WOMEX, the Worldwide Music Expo taking place in Manchester, GB, from 23 \u2013 27 October 2024. Now in its 30th year, WOMEX is one of the biggest conferences on the global music scene, featuring a trade fair, talks,&#8230; <\/p>\n","protected":false},"author":23,"featured_media":2822,"comment_status":"closed","ping_status":"closed","sticky":false,"template":"","format":"standard","meta":{"_acf_changed":false,"footnotes":""},"categories":[6],"tags":[],"class_list":["post-2818","post","type-post","status-publish","format-standard","has-post-thumbnail","hentry","category-news"],"acf":[],"yoast_head":"<!-- This site is optimized with the Yoast SEO plugin v27.2 - https:\/\/yoast.com\/product\/yoast-seo-wordpress\/ -->\n<title>Culture Ireland at WOMEX 2024 - Culture Ireland | Cult\u00far \u00c9ireann<\/title>\n<meta name=\"robots\" content=\"index, follow, max-snippet:-1, max-image-preview:large, max-video-preview:-1\" \/>\n<link rel=\"canonical\" href=\"https:\/\/www.cultureireland.ie\/womex2024\/\" \/>\n<meta property=\"og:locale\" content=\"ga_IE\" \/>\n<meta property=\"og:type\" content=\"article\" \/>\n<meta property=\"og:title\" content=\"Culture Ireland at WOMEX 2024 - Culture Ireland | Cult\u00far \u00c9ireann\" \/>\n<meta property=\"og:description\" content=\"Culture Ireland at WOMEX 2024 Culture Ireland is supporting two Showcase Artists and five delegates to attend WOMEX, the Worldwide Music Expo taking place in Manchester, GB, from 23 \u2013 27 October 2024. Now in its 30th year, WOMEX is one of the biggest conferences on the global music scene, featuring a trade fair, talks,...\" \/>\n<meta property=\"og:url\" content=\"https:\/\/www.cultureireland.ie\/womex2024\/\" \/>\n<meta property=\"og:site_name\" content=\"Culture Ireland | Cult\u00far \u00c9ireann\" \/>\n<meta property=\"article:published_time\" content=\"2024-10-18T14:45:43+00:00\" \/>\n<meta property=\"article:modified_time\" content=\"2024-10-21T10:25:12+00:00\" \/>\n<meta property=\"og:image\" content=\"https:\/\/www.cultureireland.ie\/wp-content\/uploads\/2024\/10\/Screenshot-2024-10-18-154447.jpg\" \/>\n\t<meta property=\"og:image:width\" content=\"1251\" \/>\n\t<meta property=\"og:image:height\" content=\"652\" \/>\n\t<meta property=\"og:image:type\" content=\"image\/jpeg\" \/>\n<meta name=\"author\" content=\"Katie O&#039;Kelly\" \/>\n<meta name=\"twitter:card\" content=\"summary_large_image\" \/>\n<meta name=\"twitter:label1\" content=\"Written by\" \/>\n\t<meta name=\"twitter:data1\" content=\"Katie O&#039;Kelly\" \/>\n\t<meta name=\"twitter:label2\" content=\"Est. reading time\" \/>\n\t<meta name=\"twitter:data2\" content=\"3 minutes\" \/>\n<script type=\"application\/ld+json\" class=\"yoast-schema-graph\">{\"@context\":\"https:\/\/schema.org\",\"@graph\":[{\"@type\":\"Article\",\"@id\":\"https:\/\/www.cultureireland.ie\/womex2024\/#article\",\"isPartOf\":{\"@id\":\"https:\/\/www.cultureireland.ie\/womex2024\/\"},\"author\":{\"name\":\"Katie O'Kelly\",\"@id\":\"https:\/\/www.cultureireland.ie\/#\/schema\/person\/5df2b8f7889ad67d78fad0a392295f8a\"},\"headline\":\"Culture Ireland at WOMEX 2024\",\"datePublished\":\"2024-10-18T14:45:43+00:00\",\"dateModified\":\"2024-10-21T10:25:12+00:00\",\"mainEntityOfPage\":{\"@id\":\"https:\/\/www.cultureireland.ie\/womex2024\/\"},\"wordCount\":492,\"publisher\":{\"@id\":\"https:\/\/www.cultureireland.ie\/#organization\"},\"image\":{\"@id\":\"https:\/\/www.cultureireland.ie\/womex2024\/#primaryimage\"},\"thumbnailUrl\":\"https:\/\/www.cultureireland.ie\/wp-content\/uploads\/2024\/10\/Screenshot-2024-10-18-154447.jpg\",\"articleSection\":[\"News\"],\"inLanguage\":\"ga-IE\"},{\"@type\":\"WebPage\",\"@id\":\"https:\/\/www.cultureireland.ie\/womex2024\/\",\"url\":\"https:\/\/www.cultureireland.ie\/womex2024\/\",\"name\":\"Culture Ireland at WOMEX 2024 - Culture Ireland | Cult\u00far \u00c9ireann\",\"isPartOf\":{\"@id\":\"https:\/\/www.cultureireland.ie\/#website\"},\"primaryImageOfPage\":{\"@id\":\"https:\/\/www.cultureireland.ie\/womex2024\/#primaryimage\"},\"image\":{\"@id\":\"https:\/\/www.cultureireland.ie\/womex2024\/#primaryimage\"},\"thumbnailUrl\":\"https:\/\/www.cultureireland.ie\/wp-content\/uploads\/2024\/10\/Screenshot-2024-10-18-154447.jpg\",\"datePublished\":\"2024-10-18T14:45:43+00:00\",\"dateModified\":\"2024-10-21T10:25:12+00:00\",\"breadcrumb\":{\"@id\":\"https:\/\/www.cultureireland.ie\/womex2024\/#breadcrumb\"},\"inLanguage\":\"ga-IE\",\"potentialAction\":[{\"@type\":\"ReadAction\",\"target\":[\"https:\/\/www.cultureireland.ie\/womex2024\/\"]}]},{\"@type\":\"ImageObject\",\"inLanguage\":\"ga-IE\",\"@id\":\"https:\/\/www.cultureireland.ie\/womex2024\/#primaryimage\",\"url\":\"https:\/\/www.cultureireland.ie\/wp-content\/uploads\/2024\/10\/Screenshot-2024-10-18-154447.jpg\",\"contentUrl\":\"https:\/\/www.cultureireland.ie\/wp-content\/uploads\/2024\/10\/Screenshot-2024-10-18-154447.jpg\",\"width\":1251,\"height\":652},{\"@type\":\"BreadcrumbList\",\"@id\":\"https:\/\/www.cultureireland.ie\/womex2024\/#breadcrumb\",\"itemListElement\":[{\"@type\":\"ListItem\",\"position\":1,\"name\":\"Home\",\"item\":\"https:\/\/www.cultureireland.ie\/\"},{\"@type\":\"ListItem\",\"position\":2,\"name\":\"Culture Ireland at WOMEX 2024\"}]},{\"@type\":\"WebSite\",\"@id\":\"https:\/\/www.cultureireland.ie\/#website\",\"url\":\"https:\/\/www.cultureireland.ie\/\",\"name\":\"Culture Ireland | Cult\u00far \u00c9ireann\",\"description\":\"\",\"publisher\":{\"@id\":\"https:\/\/www.cultureireland.ie\/#organization\"},\"potentialAction\":[{\"@type\":\"SearchAction\",\"target\":{\"@type\":\"EntryPoint\",\"urlTemplate\":\"https:\/\/www.cultureireland.ie\/?s={search_term_string}\"},\"query-input\":{\"@type\":\"PropertyValueSpecification\",\"valueRequired\":true,\"valueName\":\"search_term_string\"}}],\"inLanguage\":\"ga-IE\"},{\"@type\":\"Organization\",\"@id\":\"https:\/\/www.cultureireland.ie\/#organization\",\"name\":\"Culture Ireland\",\"url\":\"https:\/\/www.cultureireland.ie\/\",\"logo\":{\"@type\":\"ImageObject\",\"inLanguage\":\"ga-IE\",\"@id\":\"https:\/\/www.cultureireland.ie\/#\/schema\/logo\/image\/\",\"url\":\"https:\/\/www.cultureireland.ie\/wp-content\/uploads\/2024\/04\/Department-Tourism.png\",\"contentUrl\":\"https:\/\/www.cultureireland.ie\/wp-content\/uploads\/2024\/04\/Department-Tourism.png\",\"width\":231,\"height\":218,\"caption\":\"Culture Ireland\"},\"image\":{\"@id\":\"https:\/\/www.cultureireland.ie\/#\/schema\/logo\/image\/\"}},{\"@type\":\"Person\",\"@id\":\"https:\/\/www.cultureireland.ie\/#\/schema\/person\/5df2b8f7889ad67d78fad0a392295f8a\",\"name\":\"Katie O'Kelly\",\"image\":{\"@type\":\"ImageObject\",\"inLanguage\":\"ga-IE\",\"@id\":\"https:\/\/secure.gravatar.com\/avatar\/edc5ee61f59bd8358f39f4dadf4daf6a445f2622b7c715a8b86d6af0ebb2935b?s=96&d=mm&r=g\",\"url\":\"https:\/\/secure.gravatar.com\/avatar\/edc5ee61f59bd8358f39f4dadf4daf6a445f2622b7c715a8b86d6af0ebb2935b?s=96&d=mm&r=g\",\"contentUrl\":\"https:\/\/secure.gravatar.com\/avatar\/edc5ee61f59bd8358f39f4dadf4daf6a445f2622b7c715a8b86d6af0ebb2935b?s=96&d=mm&r=g\",\"caption\":\"Katie O'Kelly\"}}]}<\/script>\n<!-- \/ Yoast SEO plugin. -->","yoast_head_json":{"title":"Culture Ireland at WOMEX 2024 - Culture Ireland | Cult\u00far \u00c9ireann","robots":{"index":"index","follow":"follow","max-snippet":"max-snippet:-1","max-image-preview":"max-image-preview:large","max-video-preview":"max-video-preview:-1"},"canonical":"https:\/\/www.cultureireland.ie\/womex2024\/","og_locale":"ga_IE","og_type":"article","og_title":"Culture Ireland at WOMEX 2024 - Culture Ireland | Cult\u00far \u00c9ireann","og_description":"Culture Ireland at WOMEX 2024 Culture Ireland is supporting two Showcase Artists and five delegates to attend WOMEX, the Worldwide Music Expo taking place in Manchester, GB, from 23 \u2013 27 October 2024. Now in its 30th year, WOMEX is one of the biggest conferences on the global music scene, featuring a trade fair, talks,...","og_url":"https:\/\/www.cultureireland.ie\/womex2024\/","og_site_name":"Culture Ireland | Cult\u00far \u00c9ireann","article_published_time":"2024-10-18T14:45:43+00:00","article_modified_time":"2024-10-21T10:25:12+00:00","og_image":[{"width":1251,"height":652,"url":"https:\/\/www.cultureireland.ie\/wp-content\/uploads\/2024\/10\/Screenshot-2024-10-18-154447.jpg","type":"image\/jpeg"}],"author":"Katie O'Kelly","twitter_card":"summary_large_image","twitter_misc":{"Written by":"Katie O'Kelly","Est. reading time":"3 minutes"},"schema":{"@context":"https:\/\/schema.org","@graph":[{"@type":"Article","@id":"https:\/\/www.cultureireland.ie\/womex2024\/#article","isPartOf":{"@id":"https:\/\/www.cultureireland.ie\/womex2024\/"},"author":{"name":"Katie O'Kelly","@id":"https:\/\/www.cultureireland.ie\/#\/schema\/person\/5df2b8f7889ad67d78fad0a392295f8a"},"headline":"Culture Ireland at WOMEX 2024","datePublished":"2024-10-18T14:45:43+00:00","dateModified":"2024-10-21T10:25:12+00:00","mainEntityOfPage":{"@id":"https:\/\/www.cultureireland.ie\/womex2024\/"},"wordCount":492,"publisher":{"@id":"https:\/\/www.cultureireland.ie\/#organization"},"image":{"@id":"https:\/\/www.cultureireland.ie\/womex2024\/#primaryimage"},"thumbnailUrl":"https:\/\/www.cultureireland.ie\/wp-content\/uploads\/2024\/10\/Screenshot-2024-10-18-154447.jpg","articleSection":["News"],"inLanguage":"ga-IE"},{"@type":"WebPage","@id":"https:\/\/www.cultureireland.ie\/womex2024\/","url":"https:\/\/www.cultureireland.ie\/womex2024\/","name":"Culture Ireland at WOMEX 2024 - Culture Ireland | Cult\u00far \u00c9ireann","isPartOf":{"@id":"https:\/\/www.cultureireland.ie\/#website"},"primaryImageOfPage":{"@id":"https:\/\/www.cultureireland.ie\/womex2024\/#primaryimage"},"image":{"@id":"https:\/\/www.cultureireland.ie\/womex2024\/#primaryimage"},"thumbnailUrl":"https:\/\/www.cultureireland.ie\/wp-content\/uploads\/2024\/10\/Screenshot-2024-10-18-154447.jpg","datePublished":"2024-10-18T14:45:43+00:00","dateModified":"2024-10-21T10:25:12+00:00","breadcrumb":{"@id":"https:\/\/www.cultureireland.ie\/womex2024\/#breadcrumb"},"inLanguage":"ga-IE","potentialAction":[{"@type":"ReadAction","target":["https:\/\/www.cultureireland.ie\/womex2024\/"]}]},{"@type":"ImageObject","inLanguage":"ga-IE","@id":"https:\/\/www.cultureireland.ie\/womex2024\/#primaryimage","url":"https:\/\/www.cultureireland.ie\/wp-content\/uploads\/2024\/10\/Screenshot-2024-10-18-154447.jpg","contentUrl":"https:\/\/www.cultureireland.ie\/wp-content\/uploads\/2024\/10\/Screenshot-2024-10-18-154447.jpg","width":1251,"height":652},{"@type":"BreadcrumbList","@id":"https:\/\/www.cultureireland.ie\/womex2024\/#breadcrumb","itemListElement":[{"@type":"ListItem","position":1,"name":"Home","item":"https:\/\/www.cultureireland.ie\/"},{"@type":"ListItem","position":2,"name":"Culture Ireland at WOMEX 2024"}]},{"@type":"WebSite","@id":"https:\/\/www.cultureireland.ie\/#website","url":"https:\/\/www.cultureireland.ie\/","name":"Culture Ireland | Cult\u00far \u00c9ireann","description":"","publisher":{"@id":"https:\/\/www.cultureireland.ie\/#organization"},"potentialAction":[{"@type":"SearchAction","target":{"@type":"EntryPoint","urlTemplate":"https:\/\/www.cultureireland.ie\/?s={search_term_string}"},"query-input":{"@type":"PropertyValueSpecification","valueRequired":true,"valueName":"search_term_string"}}],"inLanguage":"ga-IE"},{"@type":"Organization","@id":"https:\/\/www.cultureireland.ie\/#organization","name":"Culture Ireland","url":"https:\/\/www.cultureireland.ie\/","logo":{"@type":"ImageObject","inLanguage":"ga-IE","@id":"https:\/\/www.cultureireland.ie\/#\/schema\/logo\/image\/","url":"https:\/\/www.cultureireland.ie\/wp-content\/uploads\/2024\/04\/Department-Tourism.png","contentUrl":"https:\/\/www.cultureireland.ie\/wp-content\/uploads\/2024\/04\/Department-Tourism.png","width":231,"height":218,"caption":"Culture Ireland"},"image":{"@id":"https:\/\/www.cultureireland.ie\/#\/schema\/logo\/image\/"}},{"@type":"Person","@id":"https:\/\/www.cultureireland.ie\/#\/schema\/person\/5df2b8f7889ad67d78fad0a392295f8a","name":"Katie O'Kelly","image":{"@type":"ImageObject","inLanguage":"ga-IE","@id":"https:\/\/secure.gravatar.com\/avatar\/edc5ee61f59bd8358f39f4dadf4daf6a445f2622b7c715a8b86d6af0ebb2935b?s=96&d=mm&r=g","url":"https:\/\/secure.gravatar.com\/avatar\/edc5ee61f59bd8358f39f4dadf4daf6a445f2622b7c715a8b86d6af0ebb2935b?s=96&d=mm&r=g","contentUrl":"https:\/\/secure.gravatar.com\/avatar\/edc5ee61f59bd8358f39f4dadf4daf6a445f2622b7c715a8b86d6af0ebb2935b?s=96&d=mm&r=g","caption":"Katie O'Kelly"}}]}},"_links":{"self":[{"href":"https:\/\/www.cultureireland.ie\/ga\/wp-json\/wp\/v2\/posts\/2818","targetHints":{"allow":["GET"]}}],"collection":[{"href":"https:\/\/www.cultureireland.ie\/ga\/wp-json\/wp\/v2\/posts"}],"about":[{"href":"https:\/\/www.cultureireland.ie\/ga\/wp-json\/wp\/v2\/types\/post"}],"author":[{"embeddable":true,"href":"https:\/\/www.cultureireland.ie\/ga\/wp-json\/wp\/v2\/users\/23"}],"replies":[{"embeddable":true,"href":"https:\/\/www.cultureireland.ie\/ga\/wp-json\/wp\/v2\/comments?post=2818"}],"version-history":[{"count":4,"href":"https:\/\/www.cultureireland.ie\/ga\/wp-json\/wp\/v2\/posts\/2818\/revisions"}],"predecessor-version":[{"id":2827,"href":"https:\/\/www.cultureireland.ie\/ga\/wp-json\/wp\/v2\/posts\/2818\/revisions\/2827"}],"wp:featuredmedia":[{"embeddable":true,"href":"https:\/\/www.cultureireland.ie\/ga\/wp-json\/wp\/v2\/media\/2822"}],"wp:attachment":[{"href":"https:\/\/www.cultureireland.ie\/ga\/wp-json\/wp\/v2\/media?parent=2818"}],"wp:term":[{"taxonomy":"category","embeddable":true,"href":"https:\/\/www.cultureireland.ie\/ga\/wp-json\/wp\/v2\/categories?post=2818"},{"taxonomy":"post_tag","embeddable":true,"href":"https:\/\/www.cultureireland.ie\/ga\/wp-json\/wp\/v2\/tags?post=2818"}],"curies":[{"name":"wp","href":"https:\/\/api.w.org\/{rel}","templated":true}]}}