{"id":2717,"date":"2024-09-16T14:58:27","date_gmt":"2024-09-16T13:58:27","guid":{"rendered":"https:\/\/www.cultureireland.ie\/?p=2717"},"modified":"2024-09-23T10:12:49","modified_gmt":"2024-09-23T09:12:49","slug":"meet-the-irish-new-york-january-2025-call-for-artists","status":"publish","type":"post","link":"https:\/\/www.cultureireland.ie\/ga\/meet-the-irish-new-york-january-2025-call-for-artists\/","title":{"rendered":"Meet the Irish (New York, January 2025) \u2013 Call for Artists"},"content":{"rendered":"<p>Culture Ireland invites submissions from Irish theatre and dance artists\/companies who wish to participate in the <em>Meet the Irish <\/em>initiative which will take place in New York from 10 to 13 January 2025.<\/p>\n<p>Established in 2023, <em>Meet the Irish<\/em> is an opportunity for Irish artists and arts organisations to engage with North American presenters and festivals, many of whom travel to New York in January to attend a range of cultural conferences and festivals including ISPA, APAP and Under the Radar.<\/p>\n<p>It also coincides with the annual meeting in New York of the network of Irish cultural centres from across North America (NICCoNA).<\/p>\n<p>Successful applicants will be offered a platform to present their work to these national and international delegates. This platform may include an extract for the proposed project along with AV materials.\u00a0 <em>Meet the Irish<\/em> will take place on Sunday 12<sup>th<\/sup> January at the Irish Arts Center, New York.<\/p>\n<p><strong>IMPORTANT:<\/strong><\/p>\n<p>Following feedback from previous editions, this opportunity is open to professional artists and arts organisations from the theatre and dance genres only.<\/p>\n<p><strong>Qualifying Criteria:<\/strong><\/p>\n<p>Applications must meet the following criteria:<\/p>\n<p>The proposed work being pitched must involve professional artists with work ready to tour internationally.<\/p>\n<p>Projects should have an Ireland-based company as the producing or co-producing entity.<\/p>\n<p>Evidence of positive independent critical recognition must be available.<\/p>\n<p>High-quality moving image documentation of the work is preferable.<\/p>\n<p>The applicant must be available for preparatory work in advance of the event and to be willing to present within the designated template and timeslot<\/p>\n<p><strong>Assessment:<\/strong><\/p>\n<p>Applications will be assessed based on the following:<\/p>\n<ul>\n<li>Fulfilment of the qualifying criteria.<\/li>\n<li>The quality of the production in terms of performance, production values and content.<\/li>\n<li>The capacity of the artist\/company to avail of international touring opportunities<\/li>\n<li>Current programming trends in key international festivals and venues and the likely attendees at the event<\/li>\n<\/ul>\n<p><strong>Meet the Irish<\/strong> is presented in association with Irish Arts Center New York<\/p>\n<p>Culture Ireland will provide grant supports for selected participants in this opportunity.<\/p>\n<p><strong>To Apply:<\/strong><\/p>\n<p>Applications should be submitted <a href=\"https:\/\/ec.europa.eu\/eusurvey\/runner\/Meet_the_Irish_NYC_2025\">here<\/a> before<strong> 12 noon on Wednesday 9th October 2024<\/strong><\/p>\n<p><strong>Access:<\/strong><\/p>\n<p>If you require additional support in completing this application, please contact <a href=\"mailto:info@cultureireland.gov.ie\">info@cultureireland.gov.ie<\/a><\/p>\n<h3><a href=\"https:\/\/ec.europa.eu\/eusurvey\/runner\/Meet_the_Irish_NYC_2025\">Meet the Irish 2025 Application Form<\/a><\/h3>\n<p>_____________________________________________________________________________________________________________________________________________<\/p>\n<p><strong>Meet the Irish (Nua-Eabhrac, Ean\u00e1ir 2025) \u2013 Gairm ar Eala\u00edont\u00f3ir\u00ed<\/strong><\/p>\n<p>T\u00e1 Cult\u00far \u00c9ireann ag f\u00e1ilti\u00fa roimh iarratais \u00f3 eala\u00edont\u00f3ir\u00ed\/comp\u00e1ntais amharclanna\u00edochta agus damhsa \u00c9ireannacha ar mhian leo p\u00e1irt a ghlacadh sa tionscnamh Meet the Irish a tharl\u00f3idh i Nua-Eabhrac idir an 10 agus an 13 Ean\u00e1ir 2025.<\/p>\n<p>\u00d3na bhun\u00fa in 2023, is deis \u00e9 Meet the Irish d\u2019eala\u00edont\u00f3ir\u00ed agus eagra\u00edochta\u00ed eala\u00edon \u00c9ireannacha chun dul i gcomhar le l\u00e1ithreoir\u00ed agus f\u00e9ilte \u00f3 Thuaisceart Mheirice\u00e1, a dt\u00e9ann go leor acu go Nua-Eabhrac in Ean\u00e1ir chun freastal ar r\u00e9imse comhdh\u00e1lacha agus f\u00e9ilte cult\u00fartha ar n\u00f3s ISPA, APAP agus Under the Radar.<\/p>\n<p>T\u00e1 s\u00e9 ag tarl\u00fa ag an am ch\u00e9anna le cruinni\u00fa bliant\u00fail an l\u00edonra ionad cult\u00fair \u00c9ireannach \u00f3 fud fad Thuaisceart Mheirice\u00e1 (NICCoNA) i Nua-Eabhrac.<\/p>\n<p>Cuirfear ard\u00e1n ar f\u00e1il d\u2019iarrth\u00f3ir\u00ed rath\u00fala chun a saothar a thaispe\u00e1int do na toscair\u00ed n\u00e1isi\u00fanta agus idirn\u00e1isi\u00fanta seo. Is f\u00e9idir sliocht \u00f3n tionscadal bheartaithe a bheith mar ph\u00e1irt den ard\u00e1n seo chomh maith le h\u00e1bhair chlosamhairc. Beidh Meet the Irish ag tarl\u00fa ar D\u00e9 Domhnaigh 12\u00fa Ean\u00e1ir ag an Irish Arts Center, Nua-Eabhrac.<\/p>\n<p>&nbsp;<\/p>\n<p><strong>T\u00c1BHACHTACH:<\/strong><\/p>\n<p>Mar thoradh ar aiseolas \u00f3 na heagr\u00e1in roimhe seo, n\u00edl an deis seo \u00e1 tairiscint ach amh\u00e1in d\u2019eala\u00edont\u00f3ir\u00ed agus eagra\u00edochta\u00ed eala\u00edon proifisi\u00fanta \u00f3 she\u00e1nra\u00ed na hamharclanna\u00edochta agus an damhsa.<\/p>\n<p><strong>Crit\u00e9ir Ch\u00e1ilithe:<\/strong><\/p>\n<p>N\u00ed m\u00f3r d\u2019iarrth\u00f3ir\u00ed na crit\u00e9ir a leanas a chomhl\u00edonadh:<\/p>\n<ul>\n<li>Caithfidh baint a bheith ag eala\u00edont\u00f3ir\u00ed proifisi\u00fanta leis an tsaothar bheartaithe le saothar at\u00e1 r\u00e9idh le dul ar camchuairt idirn\u00e1isi\u00fanta.<\/li>\n<li>Ba cheart go mbeadh eintiteas l\u00e9iri\u00fach\u00e1in n\u00f3 comhl\u00e9iri\u00fach\u00e1in an tionscadail a bheith ina chomhlacht at\u00e1 bunaithe in \u00c9irinn.<\/li>\n<li>Caithfidh fianaise ar aitheantas dearfach neamhsple\u00e1ch \u00f3 chriticeoir\u00ed a bheith ar f\u00e1il. B\u2019fhearr taifead \u00edomh\u00e1 gluaistigh d\u2019ardchaighde\u00e1n den tsaothar a bheith ar f\u00e1il.<\/li>\n<li>Caithfidh an t-iarrth\u00f3ir a bheith ar f\u00e1il le haghaidh oibre r\u00e9amh-ullmh\u00fach\u00e1in roimh an imeacht agus a bheith toilteanach cur i l\u00e1thair a dh\u00e9anamh laistigh den teimpl\u00e9ad agus den sliot\u00e1n ama.<\/li>\n<\/ul>\n<p><strong>Meas\u00fan\u00fa:<\/strong><\/p>\n<p>D\u00e9anfar meas\u00fan\u00fa ar iarratais bunaithe ar an mh\u00e9id seo a leanas:<\/p>\n<ul>\n<li>Comhl\u00edonadh na gcrit\u00e9ar c\u00e1ilithe<\/li>\n<li>Caighde\u00e1n an l\u00e9iri\u00fach\u00e1in \u00f3 thaobh taibhithe, caighde\u00e1in l\u00e9iri\u00fach\u00e1in agus \u00e1bhair.<\/li>\n<li>Cumas an eala\u00edont\u00f3ra\/comp\u00e1ntais deiseanna camchuarta\u00edochta idirn\u00e1isi\u00fanta a thap\u00fa.<\/li>\n<li>Treochta\u00ed cl\u00e1r\u00fach\u00e1in reatha sna pr\u00edomhfh\u00e9ilte agus pr\u00edomhionaid idirn\u00e1isi\u00fanta agus na daoine ar d\u00f3cha go mbeidh siad i l\u00e1thair ag an imeacht.<\/li>\n<\/ul>\n<p>&nbsp;<\/p>\n<p>T\u00e1 Meet the Irish \u00e1 chur i l\u00e1thair i gcomhar leis an Irish Arts Center New York.<\/p>\n<p>Cuirfidh Cult\u00far \u00c9ireann taca\u00edochta\u00ed deontais ar f\u00e1il do rannph\u00e1irtithe roghnaithe sa deis seo.<\/p>\n<p>&nbsp;<\/p>\n<p><strong>Chun Iarratas a Dh\u00e9anamh:<\/strong><\/p>\n<p>Caithfear iarratais a chur isteach <a href=\"https:\/\/ec.europa.eu\/eusurvey\/runner\/Meet_the_Irish_2025_NYC_GA\">anseo<\/a> roimh 12 me\u00e1nlae ar D\u00e9 C\u00e9adaoin 9\u00fa Deireadh F\u00f3mhair.<\/p>\n<p>&nbsp;<\/p>\n<p><strong>Rochtain:<\/strong><\/p>\n<p>M\u00e1 t\u00e1 taca\u00edocht bhreise de dh\u00edth ort agus an t-iarratas seo \u00e1 chomhl\u00edonadh agat, d\u00e9an teagmh\u00e1il le info@cultureireland.gov.ie.<\/p>\n<h3><a href=\"https:\/\/ec.europa.eu\/eusurvey\/runner\/Meet_the_Irish_2025_NYC_GA\">Foirm Iarratais do Meet the Irish 2025<\/a><\/h3>\n","protected":false},"excerpt":{"rendered":"<p>Culture Ireland invites submissions from Irish theatre and dance artists\/companies who wish to participate in the Meet the Irish initiative which will take place in New York from 10 to 13 January 2025. Established in 2023, Meet the Irish is an opportunity for Irish artists and arts organisations to engage with North American presenters and&#8230; <\/p>\n","protected":false},"author":23,"featured_media":2730,"comment_status":"closed","ping_status":"closed","sticky":false,"template":"","format":"standard","meta":{"_acf_changed":false,"footnotes":""},"categories":[5,6],"tags":[],"class_list":["post-2717","post","type-post","status-publish","format-standard","has-post-thumbnail","hentry","category-events","category-news"],"acf":[],"yoast_head":"<!-- This site is optimized with the Yoast SEO plugin v27.2 - https:\/\/yoast.com\/product\/yoast-seo-wordpress\/ -->\n<title>Meet the Irish (New York, January 2025) \u2013 Call for Artists - Culture Ireland | Cult\u00far \u00c9ireann<\/title>\n<meta name=\"robots\" content=\"index, follow, max-snippet:-1, max-image-preview:large, max-video-preview:-1\" \/>\n<link rel=\"canonical\" href=\"https:\/\/www.cultureireland.ie\/meet-the-irish-new-york-january-2025-call-for-artists\/\" \/>\n<meta property=\"og:locale\" content=\"ga_IE\" \/>\n<meta property=\"og:type\" content=\"article\" \/>\n<meta property=\"og:title\" content=\"Meet the Irish (New York, January 2025) \u2013 Call for Artists - Culture Ireland | Cult\u00far \u00c9ireann\" \/>\n<meta property=\"og:description\" content=\"Culture Ireland invites submissions from Irish theatre and dance artists\/companies who wish to participate in the Meet the Irish initiative which will take place in New York from 10 to 13 January 2025. Established in 2023, Meet the Irish is an opportunity for Irish artists and arts organisations to engage with North American presenters and...\" \/>\n<meta property=\"og:url\" content=\"https:\/\/www.cultureireland.ie\/meet-the-irish-new-york-january-2025-call-for-artists\/\" \/>\n<meta property=\"og:site_name\" content=\"Culture Ireland | Cult\u00far \u00c9ireann\" \/>\n<meta property=\"article:published_time\" content=\"2024-09-16T13:58:27+00:00\" \/>\n<meta property=\"article:modified_time\" content=\"2024-09-23T09:12:49+00:00\" \/>\n<meta property=\"og:image\" content=\"https:\/\/www.cultureireland.ie\/wp-content\/uploads\/2024\/09\/IAC-296-scaled.jpg\" \/>\n\t<meta property=\"og:image:width\" content=\"2560\" \/>\n\t<meta property=\"og:image:height\" content=\"1703\" \/>\n\t<meta property=\"og:image:type\" content=\"image\/jpeg\" \/>\n<meta name=\"author\" content=\"Katie O&#039;Kelly\" \/>\n<meta name=\"twitter:card\" content=\"summary_large_image\" \/>\n<meta name=\"twitter:label1\" content=\"Written by\" \/>\n\t<meta name=\"twitter:data1\" content=\"Katie O&#039;Kelly\" \/>\n\t<meta name=\"twitter:label2\" content=\"Est. reading time\" \/>\n\t<meta name=\"twitter:data2\" content=\"4 minutes\" \/>\n<script type=\"application\/ld+json\" class=\"yoast-schema-graph\">{\"@context\":\"https:\/\/schema.org\",\"@graph\":[{\"@type\":\"Article\",\"@id\":\"https:\/\/www.cultureireland.ie\/meet-the-irish-new-york-january-2025-call-for-artists\/#article\",\"isPartOf\":{\"@id\":\"https:\/\/www.cultureireland.ie\/meet-the-irish-new-york-january-2025-call-for-artists\/\"},\"author\":{\"name\":\"Katie O'Kelly\",\"@id\":\"https:\/\/www.cultureireland.ie\/#\/schema\/person\/5df2b8f7889ad67d78fad0a392295f8a\"},\"headline\":\"Meet the Irish (New York, January 2025) \u2013 Call for Artists\",\"datePublished\":\"2024-09-16T13:58:27+00:00\",\"dateModified\":\"2024-09-23T09:12:49+00:00\",\"mainEntityOfPage\":{\"@id\":\"https:\/\/www.cultureireland.ie\/meet-the-irish-new-york-january-2025-call-for-artists\/\"},\"wordCount\":932,\"publisher\":{\"@id\":\"https:\/\/www.cultureireland.ie\/#organization\"},\"image\":{\"@id\":\"https:\/\/www.cultureireland.ie\/meet-the-irish-new-york-january-2025-call-for-artists\/#primaryimage\"},\"thumbnailUrl\":\"https:\/\/www.cultureireland.ie\/wp-content\/uploads\/2024\/09\/IAC-296-scaled.jpg\",\"articleSection\":[\"Events\",\"News\"],\"inLanguage\":\"ga-IE\"},{\"@type\":\"WebPage\",\"@id\":\"https:\/\/www.cultureireland.ie\/meet-the-irish-new-york-january-2025-call-for-artists\/\",\"url\":\"https:\/\/www.cultureireland.ie\/meet-the-irish-new-york-january-2025-call-for-artists\/\",\"name\":\"Meet the Irish (New York, January 2025) \u2013 Call for Artists - Culture Ireland | Cult\u00far \u00c9ireann\",\"isPartOf\":{\"@id\":\"https:\/\/www.cultureireland.ie\/#website\"},\"primaryImageOfPage\":{\"@id\":\"https:\/\/www.cultureireland.ie\/meet-the-irish-new-york-january-2025-call-for-artists\/#primaryimage\"},\"image\":{\"@id\":\"https:\/\/www.cultureireland.ie\/meet-the-irish-new-york-january-2025-call-for-artists\/#primaryimage\"},\"thumbnailUrl\":\"https:\/\/www.cultureireland.ie\/wp-content\/uploads\/2024\/09\/IAC-296-scaled.jpg\",\"datePublished\":\"2024-09-16T13:58:27+00:00\",\"dateModified\":\"2024-09-23T09:12:49+00:00\",\"breadcrumb\":{\"@id\":\"https:\/\/www.cultureireland.ie\/meet-the-irish-new-york-january-2025-call-for-artists\/#breadcrumb\"},\"inLanguage\":\"ga-IE\",\"potentialAction\":[{\"@type\":\"ReadAction\",\"target\":[\"https:\/\/www.cultureireland.ie\/meet-the-irish-new-york-january-2025-call-for-artists\/\"]}]},{\"@type\":\"ImageObject\",\"inLanguage\":\"ga-IE\",\"@id\":\"https:\/\/www.cultureireland.ie\/meet-the-irish-new-york-january-2025-call-for-artists\/#primaryimage\",\"url\":\"https:\/\/www.cultureireland.ie\/wp-content\/uploads\/2024\/09\/IAC-296-scaled.jpg\",\"contentUrl\":\"https:\/\/www.cultureireland.ie\/wp-content\/uploads\/2024\/09\/IAC-296-scaled.jpg\",\"width\":2560,\"height\":1703},{\"@type\":\"BreadcrumbList\",\"@id\":\"https:\/\/www.cultureireland.ie\/meet-the-irish-new-york-january-2025-call-for-artists\/#breadcrumb\",\"itemListElement\":[{\"@type\":\"ListItem\",\"position\":1,\"name\":\"Home\",\"item\":\"https:\/\/www.cultureireland.ie\/\"},{\"@type\":\"ListItem\",\"position\":2,\"name\":\"Meet the Irish (New York, January 2025) \u2013 Call for Artists\"}]},{\"@type\":\"WebSite\",\"@id\":\"https:\/\/www.cultureireland.ie\/#website\",\"url\":\"https:\/\/www.cultureireland.ie\/\",\"name\":\"Culture Ireland | Cult\u00far \u00c9ireann\",\"description\":\"\",\"publisher\":{\"@id\":\"https:\/\/www.cultureireland.ie\/#organization\"},\"potentialAction\":[{\"@type\":\"SearchAction\",\"target\":{\"@type\":\"EntryPoint\",\"urlTemplate\":\"https:\/\/www.cultureireland.ie\/?s={search_term_string}\"},\"query-input\":{\"@type\":\"PropertyValueSpecification\",\"valueRequired\":true,\"valueName\":\"search_term_string\"}}],\"inLanguage\":\"ga-IE\"},{\"@type\":\"Organization\",\"@id\":\"https:\/\/www.cultureireland.ie\/#organization\",\"name\":\"Culture Ireland\",\"url\":\"https:\/\/www.cultureireland.ie\/\",\"logo\":{\"@type\":\"ImageObject\",\"inLanguage\":\"ga-IE\",\"@id\":\"https:\/\/www.cultureireland.ie\/#\/schema\/logo\/image\/\",\"url\":\"https:\/\/www.cultureireland.ie\/wp-content\/uploads\/2024\/04\/Department-Tourism.png\",\"contentUrl\":\"https:\/\/www.cultureireland.ie\/wp-content\/uploads\/2024\/04\/Department-Tourism.png\",\"width\":231,\"height\":218,\"caption\":\"Culture Ireland\"},\"image\":{\"@id\":\"https:\/\/www.cultureireland.ie\/#\/schema\/logo\/image\/\"}},{\"@type\":\"Person\",\"@id\":\"https:\/\/www.cultureireland.ie\/#\/schema\/person\/5df2b8f7889ad67d78fad0a392295f8a\",\"name\":\"Katie O'Kelly\",\"image\":{\"@type\":\"ImageObject\",\"inLanguage\":\"ga-IE\",\"@id\":\"https:\/\/secure.gravatar.com\/avatar\/edc5ee61f59bd8358f39f4dadf4daf6a445f2622b7c715a8b86d6af0ebb2935b?s=96&d=mm&r=g\",\"url\":\"https:\/\/secure.gravatar.com\/avatar\/edc5ee61f59bd8358f39f4dadf4daf6a445f2622b7c715a8b86d6af0ebb2935b?s=96&d=mm&r=g\",\"contentUrl\":\"https:\/\/secure.gravatar.com\/avatar\/edc5ee61f59bd8358f39f4dadf4daf6a445f2622b7c715a8b86d6af0ebb2935b?s=96&d=mm&r=g\",\"caption\":\"Katie O'Kelly\"}}]}<\/script>\n<!-- \/ Yoast SEO plugin. -->","yoast_head_json":{"title":"Meet the Irish (New York, January 2025) \u2013 Call for Artists - Culture Ireland | Cult\u00far \u00c9ireann","robots":{"index":"index","follow":"follow","max-snippet":"max-snippet:-1","max-image-preview":"max-image-preview:large","max-video-preview":"max-video-preview:-1"},"canonical":"https:\/\/www.cultureireland.ie\/meet-the-irish-new-york-january-2025-call-for-artists\/","og_locale":"ga_IE","og_type":"article","og_title":"Meet the Irish (New York, January 2025) \u2013 Call for Artists - Culture Ireland | Cult\u00far \u00c9ireann","og_description":"Culture Ireland invites submissions from Irish theatre and dance artists\/companies who wish to participate in the Meet the Irish initiative which will take place in New York from 10 to 13 January 2025. Established in 2023, Meet the Irish is an opportunity for Irish artists and arts organisations to engage with North American presenters and...","og_url":"https:\/\/www.cultureireland.ie\/meet-the-irish-new-york-january-2025-call-for-artists\/","og_site_name":"Culture Ireland | Cult\u00far \u00c9ireann","article_published_time":"2024-09-16T13:58:27+00:00","article_modified_time":"2024-09-23T09:12:49+00:00","og_image":[{"width":2560,"height":1703,"url":"https:\/\/www.cultureireland.ie\/wp-content\/uploads\/2024\/09\/IAC-296-scaled.jpg","type":"image\/jpeg"}],"author":"Katie O'Kelly","twitter_card":"summary_large_image","twitter_misc":{"Written by":"Katie O'Kelly","Est. reading time":"4 minutes"},"schema":{"@context":"https:\/\/schema.org","@graph":[{"@type":"Article","@id":"https:\/\/www.cultureireland.ie\/meet-the-irish-new-york-january-2025-call-for-artists\/#article","isPartOf":{"@id":"https:\/\/www.cultureireland.ie\/meet-the-irish-new-york-january-2025-call-for-artists\/"},"author":{"name":"Katie O'Kelly","@id":"https:\/\/www.cultureireland.ie\/#\/schema\/person\/5df2b8f7889ad67d78fad0a392295f8a"},"headline":"Meet the Irish (New York, January 2025) \u2013 Call for Artists","datePublished":"2024-09-16T13:58:27+00:00","dateModified":"2024-09-23T09:12:49+00:00","mainEntityOfPage":{"@id":"https:\/\/www.cultureireland.ie\/meet-the-irish-new-york-january-2025-call-for-artists\/"},"wordCount":932,"publisher":{"@id":"https:\/\/www.cultureireland.ie\/#organization"},"image":{"@id":"https:\/\/www.cultureireland.ie\/meet-the-irish-new-york-january-2025-call-for-artists\/#primaryimage"},"thumbnailUrl":"https:\/\/www.cultureireland.ie\/wp-content\/uploads\/2024\/09\/IAC-296-scaled.jpg","articleSection":["Events","News"],"inLanguage":"ga-IE"},{"@type":"WebPage","@id":"https:\/\/www.cultureireland.ie\/meet-the-irish-new-york-january-2025-call-for-artists\/","url":"https:\/\/www.cultureireland.ie\/meet-the-irish-new-york-january-2025-call-for-artists\/","name":"Meet the Irish (New York, January 2025) \u2013 Call for Artists - Culture Ireland | Cult\u00far \u00c9ireann","isPartOf":{"@id":"https:\/\/www.cultureireland.ie\/#website"},"primaryImageOfPage":{"@id":"https:\/\/www.cultureireland.ie\/meet-the-irish-new-york-january-2025-call-for-artists\/#primaryimage"},"image":{"@id":"https:\/\/www.cultureireland.ie\/meet-the-irish-new-york-january-2025-call-for-artists\/#primaryimage"},"thumbnailUrl":"https:\/\/www.cultureireland.ie\/wp-content\/uploads\/2024\/09\/IAC-296-scaled.jpg","datePublished":"2024-09-16T13:58:27+00:00","dateModified":"2024-09-23T09:12:49+00:00","breadcrumb":{"@id":"https:\/\/www.cultureireland.ie\/meet-the-irish-new-york-january-2025-call-for-artists\/#breadcrumb"},"inLanguage":"ga-IE","potentialAction":[{"@type":"ReadAction","target":["https:\/\/www.cultureireland.ie\/meet-the-irish-new-york-january-2025-call-for-artists\/"]}]},{"@type":"ImageObject","inLanguage":"ga-IE","@id":"https:\/\/www.cultureireland.ie\/meet-the-irish-new-york-january-2025-call-for-artists\/#primaryimage","url":"https:\/\/www.cultureireland.ie\/wp-content\/uploads\/2024\/09\/IAC-296-scaled.jpg","contentUrl":"https:\/\/www.cultureireland.ie\/wp-content\/uploads\/2024\/09\/IAC-296-scaled.jpg","width":2560,"height":1703},{"@type":"BreadcrumbList","@id":"https:\/\/www.cultureireland.ie\/meet-the-irish-new-york-january-2025-call-for-artists\/#breadcrumb","itemListElement":[{"@type":"ListItem","position":1,"name":"Home","item":"https:\/\/www.cultureireland.ie\/"},{"@type":"ListItem","position":2,"name":"Meet the Irish (New York, January 2025) \u2013 Call for Artists"}]},{"@type":"WebSite","@id":"https:\/\/www.cultureireland.ie\/#website","url":"https:\/\/www.cultureireland.ie\/","name":"Culture Ireland | Cult\u00far \u00c9ireann","description":"","publisher":{"@id":"https:\/\/www.cultureireland.ie\/#organization"},"potentialAction":[{"@type":"SearchAction","target":{"@type":"EntryPoint","urlTemplate":"https:\/\/www.cultureireland.ie\/?s={search_term_string}"},"query-input":{"@type":"PropertyValueSpecification","valueRequired":true,"valueName":"search_term_string"}}],"inLanguage":"ga-IE"},{"@type":"Organization","@id":"https:\/\/www.cultureireland.ie\/#organization","name":"Culture Ireland","url":"https:\/\/www.cultureireland.ie\/","logo":{"@type":"ImageObject","inLanguage":"ga-IE","@id":"https:\/\/www.cultureireland.ie\/#\/schema\/logo\/image\/","url":"https:\/\/www.cultureireland.ie\/wp-content\/uploads\/2024\/04\/Department-Tourism.png","contentUrl":"https:\/\/www.cultureireland.ie\/wp-content\/uploads\/2024\/04\/Department-Tourism.png","width":231,"height":218,"caption":"Culture Ireland"},"image":{"@id":"https:\/\/www.cultureireland.ie\/#\/schema\/logo\/image\/"}},{"@type":"Person","@id":"https:\/\/www.cultureireland.ie\/#\/schema\/person\/5df2b8f7889ad67d78fad0a392295f8a","name":"Katie O'Kelly","image":{"@type":"ImageObject","inLanguage":"ga-IE","@id":"https:\/\/secure.gravatar.com\/avatar\/edc5ee61f59bd8358f39f4dadf4daf6a445f2622b7c715a8b86d6af0ebb2935b?s=96&d=mm&r=g","url":"https:\/\/secure.gravatar.com\/avatar\/edc5ee61f59bd8358f39f4dadf4daf6a445f2622b7c715a8b86d6af0ebb2935b?s=96&d=mm&r=g","contentUrl":"https:\/\/secure.gravatar.com\/avatar\/edc5ee61f59bd8358f39f4dadf4daf6a445f2622b7c715a8b86d6af0ebb2935b?s=96&d=mm&r=g","caption":"Katie O'Kelly"}}]}},"_links":{"self":[{"href":"https:\/\/www.cultureireland.ie\/ga\/wp-json\/wp\/v2\/posts\/2717","targetHints":{"allow":["GET"]}}],"collection":[{"href":"https:\/\/www.cultureireland.ie\/ga\/wp-json\/wp\/v2\/posts"}],"about":[{"href":"https:\/\/www.cultureireland.ie\/ga\/wp-json\/wp\/v2\/types\/post"}],"author":[{"embeddable":true,"href":"https:\/\/www.cultureireland.ie\/ga\/wp-json\/wp\/v2\/users\/23"}],"replies":[{"embeddable":true,"href":"https:\/\/www.cultureireland.ie\/ga\/wp-json\/wp\/v2\/comments?post=2717"}],"version-history":[{"count":9,"href":"https:\/\/www.cultureireland.ie\/ga\/wp-json\/wp\/v2\/posts\/2717\/revisions"}],"predecessor-version":[{"id":2747,"href":"https:\/\/www.cultureireland.ie\/ga\/wp-json\/wp\/v2\/posts\/2717\/revisions\/2747"}],"wp:featuredmedia":[{"embeddable":true,"href":"https:\/\/www.cultureireland.ie\/ga\/wp-json\/wp\/v2\/media\/2730"}],"wp:attachment":[{"href":"https:\/\/www.cultureireland.ie\/ga\/wp-json\/wp\/v2\/media?parent=2717"}],"wp:term":[{"taxonomy":"category","embeddable":true,"href":"https:\/\/www.cultureireland.ie\/ga\/wp-json\/wp\/v2\/categories?post=2717"},{"taxonomy":"post_tag","embeddable":true,"href":"https:\/\/www.cultureireland.ie\/ga\/wp-json\/wp\/v2\/tags?post=2717"}],"curies":[{"name":"wp","href":"https:\/\/api.w.org\/{rel}","templated":true}]}}