{"id":2580,"date":"2024-07-10T11:09:20","date_gmt":"2024-07-10T10:09:20","guid":{"rendered":"https:\/\/www.cultureireland.ie\/?p=2580"},"modified":"2024-07-10T11:11:03","modified_gmt":"2024-07-10T10:11:03","slug":"fograitear-maoiniu-os-cionn-e1-2m-do-chultur-eireann-chun-ealaiona-na-heireann-a-chur-chun-cinn-ar-fud-an-domhain","status":"publish","type":"post","link":"https:\/\/www.cultureireland.ie\/ga\/fograitear-maoiniu-os-cionn-e1-2m-do-chultur-eireann-chun-ealaiona-na-heireann-a-chur-chun-cinn-ar-fud-an-domhain\/","title":{"rendered":"F\u00f3gra\u00edtear maoini\u00fa os cionn \u20ac1.2m do Chult\u00far \u00c9ireann chun eala\u00edona na h\u00c9ireann a chur chun cinn ar fud an domhain"},"content":{"rendered":"<p>D\u2019fh\u00f3gair an tAire Turas\u00f3ireachta, Cult\u00fair, Eala\u00edon, Gaeltachta, Sp\u00f3irt agus Me\u00e1n, Catherine Martin maoini\u00fa \u20ac1,230,750 chun eala\u00edona na h\u00c9ireann a chur chun cinn ar fud an domhain tr\u00ed chl\u00e1r deontais rialta Chult\u00far \u00c9ireann.<\/p>\n<p>Rachaidh an maoini\u00fa chun tairbhe do 160 tionscadal scaipthe ar fud 40 t\u00edr, a chl\u00fad\u00f3idh sorcas, rince, scann\u00e1n, litr\u00edocht, ceol, ceoldr\u00e1ma, t\u00e9atar agus na hamharc-eala\u00edona.<\/p>\n<p><strong>Ag f\u00f3gairt na ndeontas, d\u00fairt an tAire Martin<\/strong>:<\/p>\n<p>\u201cT\u00e1 r\u00f3l l\u00e1rnach ag Cult\u00far \u00c9ireann ag tac\u00fa le heala\u00edont\u00f3ir\u00ed \u00c9ireannacha teacht ar lucht f\u00e9achana nua ar fud an domhain, gach bliain. T\u00e1 an t-\u00e9ileamh ar mhaoini\u00fa Chult\u00far \u00c9ireann ag f\u00e1s i gc\u00f3na\u00ed, rud a l\u00e9ir\u00edonn go soil\u00e9ir an t-\u00e9ileamh ar fud an domhain ar eala\u00edont\u00f3ir\u00ed \u00c9ireannacha a gcuid saothar a chur i l\u00e1thair. T\u00e1 \u00e1thas orm an babhta seo de mhaoini\u00fa Chult\u00far \u00c9ireann de n\u00edos m\u00f3 n\u00e1 \u20ac1.2m a fh\u00f3gairt, arb \u00e9 an babhta deontais aonair is airde i stair na heagra\u00edochta. Cruth\u00f3idh na tionscadail seo deiseanna agus lucht f\u00e9achana nua d\u2019eala\u00edont\u00f3ir\u00ed \u00c9ireannacha agus l\u00e9ireoidh siad tairiscint shaibhir agus \u00e9ags\u00fail eala\u00edona na h\u00c9ireann ar fud an domhain.\u201d<\/p>\n<p>&nbsp;<\/p>\n<p><strong>I measc na dtionscadal t\u00e1:<\/strong><\/p>\n<ol>\n<li>Eala\u00edont\u00f3ir\u00ed \u00c9ireannacha lena n-\u00e1ir\u00edtear Amanda Coogan agus Aideen Barry a ghlac p\u00e1irt i Biennale Eala\u00edne Bangkok 2024: Nurture Gaia le Bangkok Art Biennale in Bangkok, sa T\u00e9alainn (Deireadh F\u00f3mhair 2024 &#8211; Feabhra 2025)<\/li>\n<li>Scr\u00edbhneoir\u00ed \u00c9ireannacha ag glacadh p\u00e1irt i bhf\u00e9ilte liteartha idirn\u00e1isi\u00fanta lena n-\u00e1ir\u00edtear Toronto International Festival of Authors, Ceanada (Me\u00e1n F\u00f3mhair 2024), Vancouver Writers\u2019 Festival, Ceanada (Deireadh F\u00f3mhair 2024), Verb Readers and Writers Festival, Wellington, An Nua-Sh\u00e9alainn (Samhain 2024), Cheltenham Literature Festival, RA (Deireadh F\u00f3mhair) agus Litquake Festival, SAM (Deireadh F\u00f3mhair 2024)<\/li>\n<li>Eala\u00edont\u00f3ir\u00ed ceoil \u00c9ireannacha ag raon d\u2019Fh\u00e9ilte \u00c9ireannacha samhraidh ar fud Mheirice\u00e1 Thuaidh lena n-\u00e1ir\u00edtear Iowa Irish Fest, Milwaukee Irish Fest, Goderich Celtic Roots Festival, Montana Irish Festival agus Kansas City Irish Festival. I measc na n-eala\u00edont\u00f3ir\u00ed t\u00e1 Boxing Banjo, Karan Casey, JigJam, Screaming Orphans agus The Jeremiahs.<\/li>\n<li>Taca\u00edochta\u00ed camchuairte i dtreo raon l\u00e9iri\u00fach\u00e1in sorcais agus rince lena n-\u00e1ir\u00edtear Hands Down Circus, ROGU Arts agus Laura Murphy ar camchuairt i Meirice\u00e1 Theas lena n-\u00e1ir\u00edtear sa Chol\u00f3im &amp; sa tSile (Deireadh F\u00f3mhair &#8211; Samhain 2024).<\/li>\n<li>Eala\u00edont\u00f3ir\u00ed \u00c9ireannacha ag glacadh p\u00e1irte in Lorient Interceltic Frestival sa Fhrainc (L\u00fanasa 2024)<\/li>\n<li>Ar\u00e1n agus Im le Manch\u00e1n Magan ar camchuairt ar fud na Breataine agus l\u00edonra camchuairte nua d\u2019eala\u00edont\u00f3ir\u00ed \u00c9ireannacha (Deireadh F\u00f3mhair 2024)<\/li>\n<li>Silva Lumina le Tom Meskell, ag Glow Wild 2024, Kew Gardens, Wakehurst, GB (Samhain 2024 &#8211; Ean\u00e1ir 2025)<\/li>\n<li>Camchuairt idirn\u00e1isi\u00fanta go leor m\u00f3rchomp\u00e1ntais rince de chuid na h\u00c9ireann lena n-\u00e1ir\u00edtear Tea\u010b Da\u1e41sa (An Fhrainc\/An Ostair\/Meicsiceo), CoisC\u00e9im Dance Theatre (An Chr\u00f3it\/An Ghr\u00e9ig), Emma Martin\/United Fall (An Eilv\u00e9is) agus Mufutau Yusuf (An Fhrainc) (L\u00fanasa 2024 \u2013 Feabhra 2025)<\/li>\n<li>Turais idirn\u00e1isi\u00fanta raon eala\u00edont\u00f3ir\u00ed \u00c9ireannacha lena n-\u00e1ir\u00edtear Lisa O\u2019Neill, Fontaines DC, Pillow Queens, Ois\u00edn Leech, Mick Flannery &amp; Susan O\u2019Neill, Gurriers, Kila, Anna Mieke agus On\u00f3ir.<\/li>\n<li>Taca\u00edocht do thaispe\u00e1ntais aonair le hamharceala\u00edont\u00f3ir\u00ed lena n-\u00e1ir\u00edtear Leann Herlihy (Bienniale Eala\u00edne Toronto, Me\u00e1n F\u00f3mhair &#8211; Nollaig 2024), Vivienne Griffin (An Bi\u00far\u00f3, Nua-Eabhrac, I\u00fail &#8211; L\u00fanasa 2024), Elizabeth Cope (Gaileara\u00ed Eala\u00edne Maison de Poivre, Ceanada, L\u00fanasa &#8211; Deireadh F\u00f3mhair 2024) agus Dennis Farrell (La Tourette, Lyon, an Fhrainc (I\u00fail &#8211; L\u00fanasa 2024)<\/li>\n<li>L\u00e9irithe idirn\u00e1isi\u00fanta agus turais \u00f3 scr\u00edbhneoir\u00ed agus fil\u00ed lena n-\u00e1ir\u00edtear Ois\u00edn McKenna, Jean Pasley, Stephen James Smith agus Michael O\u2019Loughlin.<\/li>\n<li>Taca\u00edocht do fhreastal eala\u00edont\u00f3ir\u00ed scann\u00e1n \u00c9ireannacha ar phr\u00edomhfh\u00e9ilte scann\u00e1n \u00c9ireannacha lena n-\u00e1ir\u00edtear F\u00e9ile Scann\u00e1n na Breataine agus na h\u00c9ireann i Lucsamburg (Me\u00e1n F\u00f3mhair 2024), F\u00e9ile Scann\u00e1n Newport Beach, SAM (Deireadh F\u00f3mhair 2024) agus F\u00e9ile Scann\u00e1n \u00c9ireannach san Astr\u00e1il (Deireadh F\u00f3mhair\/Samhain 2024)<\/li>\n<li>Turas deich n-ionad ar fud na SA de l\u00e9iri\u00fa Cahoots NI de The Vanishing Elephant (M\u00e1rta\/Aibre\u00e1n 2025)<\/li>\n<li>Taca\u00edocht chl\u00e1ir do phr\u00edomh-l\u00e1ithreoir\u00ed eala\u00edon agus chult\u00fair na h\u00c9ireann sna SA agus sa Bhreatain lena n-\u00e1ir\u00edtear Solas Nua (Washington DC, SAM) agus Ionad Cult\u00fartha na h\u00c9ireann, Hammersmith, RA.<\/li>\n<\/ol>\n","protected":false},"excerpt":{"rendered":"<p>D\u2019fh\u00f3gair an tAire Turas\u00f3ireachta, Cult\u00fair, Eala\u00edon, Gaeltachta, Sp\u00f3irt agus Me\u00e1n, Catherine Martin maoini\u00fa \u20ac1,230,750 chun eala\u00edona na h\u00c9ireann a chur chun cinn ar fud an domhain tr\u00ed chl\u00e1r deontais rialta Chult\u00far \u00c9ireann. Rachaidh an maoini\u00fa chun tairbhe do 160 tionscadal scaipthe ar fud 40 t\u00edr, a chl\u00fad\u00f3idh sorcas, rince, scann\u00e1n, litr\u00edocht, ceol, ceoldr\u00e1ma, t\u00e9atar agus&#8230; <\/p>\n","protected":false},"author":16,"featured_media":2574,"comment_status":"closed","ping_status":"closed","sticky":false,"template":"","format":"standard","meta":{"_acf_changed":false,"footnotes":""},"categories":[16],"tags":[],"class_list":["post-2580","post","type-post","status-publish","format-standard","has-post-thumbnail","hentry","category-news-ga"],"acf":[],"yoast_head":"<!-- This site is optimized with the Yoast SEO plugin v27.2 - https:\/\/yoast.com\/product\/yoast-seo-wordpress\/ -->\n<title>F\u00f3gra\u00edtear maoini\u00fa os cionn \u20ac1.2m do Chult\u00far \u00c9ireann chun eala\u00edona na h\u00c9ireann a chur chun cinn ar fud an domhain - Culture Ireland | Cult\u00far \u00c9ireann<\/title>\n<meta name=\"robots\" content=\"index, follow, max-snippet:-1, max-image-preview:large, max-video-preview:-1\" \/>\n<link rel=\"canonical\" href=\"https:\/\/www.cultureireland.ie\/ga\/fograitear-maoiniu-os-cionn-e1-2m-do-chultur-eireann-chun-ealaiona-na-heireann-a-chur-chun-cinn-ar-fud-an-domhain\/\" \/>\n<meta property=\"og:locale\" content=\"ga_IE\" \/>\n<meta property=\"og:type\" content=\"article\" \/>\n<meta property=\"og:title\" content=\"F\u00f3gra\u00edtear maoini\u00fa os cionn \u20ac1.2m do Chult\u00far \u00c9ireann chun eala\u00edona na h\u00c9ireann a chur chun cinn ar fud an domhain - Culture Ireland | Cult\u00far \u00c9ireann\" \/>\n<meta property=\"og:description\" content=\"D\u2019fh\u00f3gair an tAire Turas\u00f3ireachta, Cult\u00fair, Eala\u00edon, Gaeltachta, Sp\u00f3irt agus Me\u00e1n, Catherine Martin maoini\u00fa \u20ac1,230,750 chun eala\u00edona na h\u00c9ireann a chur chun cinn ar fud an domhain tr\u00ed chl\u00e1r deontais rialta Chult\u00far \u00c9ireann. Rachaidh an maoini\u00fa chun tairbhe do 160 tionscadal scaipthe ar fud 40 t\u00edr, a chl\u00fad\u00f3idh sorcas, rince, scann\u00e1n, litr\u00edocht, ceol, ceoldr\u00e1ma, t\u00e9atar agus...\" \/>\n<meta property=\"og:url\" content=\"https:\/\/www.cultureireland.ie\/ga\/fograitear-maoiniu-os-cionn-e1-2m-do-chultur-eireann-chun-ealaiona-na-heireann-a-chur-chun-cinn-ar-fud-an-domhain\/\" \/>\n<meta property=\"og:site_name\" content=\"Culture Ireland | Cult\u00far \u00c9ireann\" \/>\n<meta property=\"article:published_time\" content=\"2024-07-10T10:09:20+00:00\" \/>\n<meta property=\"article:modified_time\" content=\"2024-07-10T10:11:03+00:00\" \/>\n<meta property=\"og:image\" content=\"https:\/\/www.cultureireland.ie\/wp-content\/uploads\/2024\/07\/13836_8._Promo_Image_Abacus_credit_Clare_Keogh-scaled.jpg\" \/>\n\t<meta property=\"og:image:width\" content=\"2560\" \/>\n\t<meta property=\"og:image:height\" content=\"1707\" \/>\n\t<meta property=\"og:image:type\" content=\"image\/jpeg\" \/>\n<meta name=\"author\" content=\"Alison Geraghty\" \/>\n<meta name=\"twitter:card\" content=\"summary_large_image\" \/>\n<meta name=\"twitter:label1\" content=\"Written by\" \/>\n\t<meta name=\"twitter:data1\" content=\"Alison Geraghty\" \/>\n\t<meta name=\"twitter:label2\" content=\"Est. reading time\" \/>\n\t<meta name=\"twitter:data2\" content=\"3 minutes\" \/>\n<script type=\"application\/ld+json\" class=\"yoast-schema-graph\">{\"@context\":\"https:\/\/schema.org\",\"@graph\":[{\"@type\":\"Article\",\"@id\":\"https:\/\/www.cultureireland.ie\/ga\/fograitear-maoiniu-os-cionn-e1-2m-do-chultur-eireann-chun-ealaiona-na-heireann-a-chur-chun-cinn-ar-fud-an-domhain\/#article\",\"isPartOf\":{\"@id\":\"https:\/\/www.cultureireland.ie\/ga\/fograitear-maoiniu-os-cionn-e1-2m-do-chultur-eireann-chun-ealaiona-na-heireann-a-chur-chun-cinn-ar-fud-an-domhain\/\"},\"author\":{\"name\":\"Alison Geraghty\",\"@id\":\"https:\/\/www.cultureireland.ie\/#\/schema\/person\/5a112b112982634b1df406ec04316fe6\"},\"headline\":\"F\u00f3gra\u00edtear maoini\u00fa os cionn \u20ac1.2m do Chult\u00far \u00c9ireann chun eala\u00edona na h\u00c9ireann a chur chun cinn ar fud an domhain\",\"datePublished\":\"2024-07-10T10:09:20+00:00\",\"dateModified\":\"2024-07-10T10:11:03+00:00\",\"mainEntityOfPage\":{\"@id\":\"https:\/\/www.cultureireland.ie\/ga\/fograitear-maoiniu-os-cionn-e1-2m-do-chultur-eireann-chun-ealaiona-na-heireann-a-chur-chun-cinn-ar-fud-an-domhain\/\"},\"wordCount\":806,\"publisher\":{\"@id\":\"https:\/\/www.cultureireland.ie\/#organization\"},\"image\":{\"@id\":\"https:\/\/www.cultureireland.ie\/ga\/fograitear-maoiniu-os-cionn-e1-2m-do-chultur-eireann-chun-ealaiona-na-heireann-a-chur-chun-cinn-ar-fud-an-domhain\/#primaryimage\"},\"thumbnailUrl\":\"https:\/\/www.cultureireland.ie\/wp-content\/uploads\/2024\/07\/13836_8._Promo_Image_Abacus_credit_Clare_Keogh-scaled.jpg\",\"articleSection\":[\"News\"],\"inLanguage\":\"ga-IE\"},{\"@type\":\"WebPage\",\"@id\":\"https:\/\/www.cultureireland.ie\/ga\/fograitear-maoiniu-os-cionn-e1-2m-do-chultur-eireann-chun-ealaiona-na-heireann-a-chur-chun-cinn-ar-fud-an-domhain\/\",\"url\":\"https:\/\/www.cultureireland.ie\/ga\/fograitear-maoiniu-os-cionn-e1-2m-do-chultur-eireann-chun-ealaiona-na-heireann-a-chur-chun-cinn-ar-fud-an-domhain\/\",\"name\":\"F\u00f3gra\u00edtear maoini\u00fa os cionn \u20ac1.2m do Chult\u00far \u00c9ireann chun eala\u00edona na h\u00c9ireann a chur chun cinn ar fud an domhain - Culture Ireland | Cult\u00far \u00c9ireann\",\"isPartOf\":{\"@id\":\"https:\/\/www.cultureireland.ie\/#website\"},\"primaryImageOfPage\":{\"@id\":\"https:\/\/www.cultureireland.ie\/ga\/fograitear-maoiniu-os-cionn-e1-2m-do-chultur-eireann-chun-ealaiona-na-heireann-a-chur-chun-cinn-ar-fud-an-domhain\/#primaryimage\"},\"image\":{\"@id\":\"https:\/\/www.cultureireland.ie\/ga\/fograitear-maoiniu-os-cionn-e1-2m-do-chultur-eireann-chun-ealaiona-na-heireann-a-chur-chun-cinn-ar-fud-an-domhain\/#primaryimage\"},\"thumbnailUrl\":\"https:\/\/www.cultureireland.ie\/wp-content\/uploads\/2024\/07\/13836_8._Promo_Image_Abacus_credit_Clare_Keogh-scaled.jpg\",\"datePublished\":\"2024-07-10T10:09:20+00:00\",\"dateModified\":\"2024-07-10T10:11:03+00:00\",\"breadcrumb\":{\"@id\":\"https:\/\/www.cultureireland.ie\/ga\/fograitear-maoiniu-os-cionn-e1-2m-do-chultur-eireann-chun-ealaiona-na-heireann-a-chur-chun-cinn-ar-fud-an-domhain\/#breadcrumb\"},\"inLanguage\":\"ga-IE\",\"potentialAction\":[{\"@type\":\"ReadAction\",\"target\":[\"https:\/\/www.cultureireland.ie\/ga\/fograitear-maoiniu-os-cionn-e1-2m-do-chultur-eireann-chun-ealaiona-na-heireann-a-chur-chun-cinn-ar-fud-an-domhain\/\"]}]},{\"@type\":\"ImageObject\",\"inLanguage\":\"ga-IE\",\"@id\":\"https:\/\/www.cultureireland.ie\/ga\/fograitear-maoiniu-os-cionn-e1-2m-do-chultur-eireann-chun-ealaiona-na-heireann-a-chur-chun-cinn-ar-fud-an-domhain\/#primaryimage\",\"url\":\"https:\/\/www.cultureireland.ie\/wp-content\/uploads\/2024\/07\/13836_8._Promo_Image_Abacus_credit_Clare_Keogh-scaled.jpg\",\"contentUrl\":\"https:\/\/www.cultureireland.ie\/wp-content\/uploads\/2024\/07\/13836_8._Promo_Image_Abacus_credit_Clare_Keogh-scaled.jpg\",\"width\":2560,\"height\":1707,\"caption\":\"CMK22062016 REPRO FREE NO FEE Dancers in rehearsal for the World Premiere of Laura Murphy\u2019s Abacus to take place at midnight in National Sculture Factory on June 24th as part of Cork Midsummer Festival. See www.corkmidsummer.com Picture Clare Keogh EXTENDED CAPTION Press Release World Premiere of Laura Murphy\u2019s Abacus to take place at midnight in National Sculture Factory on June 24th as part of Cork Midsummer Festival Laura Murphy, acclaimed choreographer and Cork\u2019s Dancer in Residence at Firkin Crane will premiere her latest work Abacus at midnight on Friday June 24 th in the National Sculpture Factory as part of Cork Midsummer Festival, 2016. Working internationally as a dance artist, performer and teacher, Laura\u2019s work has been shown in countries including the USA, UK, France, Romania, China and Canada. Abacus celebrates the factory night shift where work becomes a spectator&#039;s sport. With the harmony of coordinated movement, Laura Murphy uses the aesthetics of mass industrialisation to produce a one- off choreography at the National Sculpture Factory in Cork. On Friday June 24 th , the night shift at the National Sculpture Factory begins and ends with the thrill of a black out. Abacus recycles the rhythms of work as eight women use 16 tin buckets as instruments and their bodies as moving parts on the factory floor. The eight dancers and sixteen buckets move as one, their movements generating a sound score in conjunction with composer Irene Buckley. The women work over time in over drive, moving clashing buckets in unison to produce a series of images and visuals for the audience to enjoy. No one relieves the dancers at the end of their shift. Abacus downs tools and the woman&#039;s work is done for now. Both visually and aurally striking Abacus will hold the audience&#039;s imagination long after its midnight performance\/shift. Laura Murphy\u2019s work as been described by critics as \u201ccarefully constructed and impecca\"},{\"@type\":\"BreadcrumbList\",\"@id\":\"https:\/\/www.cultureireland.ie\/ga\/fograitear-maoiniu-os-cionn-e1-2m-do-chultur-eireann-chun-ealaiona-na-heireann-a-chur-chun-cinn-ar-fud-an-domhain\/#breadcrumb\",\"itemListElement\":[{\"@type\":\"ListItem\",\"position\":1,\"name\":\"Home\",\"item\":\"https:\/\/www.cultureireland.ie\/\"},{\"@type\":\"ListItem\",\"position\":2,\"name\":\"F\u00f3gra\u00edtear maoini\u00fa os cionn \u20ac1.2m do Chult\u00far \u00c9ireann chun eala\u00edona na h\u00c9ireann a chur chun cinn ar fud an domhain\"}]},{\"@type\":\"WebSite\",\"@id\":\"https:\/\/www.cultureireland.ie\/#website\",\"url\":\"https:\/\/www.cultureireland.ie\/\",\"name\":\"Culture Ireland | Cult\u00far \u00c9ireann\",\"description\":\"\",\"publisher\":{\"@id\":\"https:\/\/www.cultureireland.ie\/#organization\"},\"potentialAction\":[{\"@type\":\"SearchAction\",\"target\":{\"@type\":\"EntryPoint\",\"urlTemplate\":\"https:\/\/www.cultureireland.ie\/?s={search_term_string}\"},\"query-input\":{\"@type\":\"PropertyValueSpecification\",\"valueRequired\":true,\"valueName\":\"search_term_string\"}}],\"inLanguage\":\"ga-IE\"},{\"@type\":\"Organization\",\"@id\":\"https:\/\/www.cultureireland.ie\/#organization\",\"name\":\"Culture Ireland\",\"url\":\"https:\/\/www.cultureireland.ie\/\",\"logo\":{\"@type\":\"ImageObject\",\"inLanguage\":\"ga-IE\",\"@id\":\"https:\/\/www.cultureireland.ie\/#\/schema\/logo\/image\/\",\"url\":\"https:\/\/www.cultureireland.ie\/wp-content\/uploads\/2024\/04\/Department-Tourism.png\",\"contentUrl\":\"https:\/\/www.cultureireland.ie\/wp-content\/uploads\/2024\/04\/Department-Tourism.png\",\"width\":231,\"height\":218,\"caption\":\"Culture Ireland\"},\"image\":{\"@id\":\"https:\/\/www.cultureireland.ie\/#\/schema\/logo\/image\/\"}},{\"@type\":\"Person\",\"@id\":\"https:\/\/www.cultureireland.ie\/#\/schema\/person\/5a112b112982634b1df406ec04316fe6\",\"name\":\"Alison Geraghty\",\"image\":{\"@type\":\"ImageObject\",\"inLanguage\":\"ga-IE\",\"@id\":\"https:\/\/secure.gravatar.com\/avatar\/7c2fc3d82a5bae1e5728c60c1a1c793c36e63a6ae168541c9cecba6e1a6cd8a1?s=96&d=mm&r=g\",\"url\":\"https:\/\/secure.gravatar.com\/avatar\/7c2fc3d82a5bae1e5728c60c1a1c793c36e63a6ae168541c9cecba6e1a6cd8a1?s=96&d=mm&r=g\",\"contentUrl\":\"https:\/\/secure.gravatar.com\/avatar\/7c2fc3d82a5bae1e5728c60c1a1c793c36e63a6ae168541c9cecba6e1a6cd8a1?s=96&d=mm&r=g\",\"caption\":\"Alison Geraghty\"}}]}<\/script>\n<!-- \/ Yoast SEO plugin. -->","yoast_head_json":{"title":"F\u00f3gra\u00edtear maoini\u00fa os cionn \u20ac1.2m do Chult\u00far \u00c9ireann chun eala\u00edona na h\u00c9ireann a chur chun cinn ar fud an domhain - Culture Ireland | Cult\u00far \u00c9ireann","robots":{"index":"index","follow":"follow","max-snippet":"max-snippet:-1","max-image-preview":"max-image-preview:large","max-video-preview":"max-video-preview:-1"},"canonical":"https:\/\/www.cultureireland.ie\/ga\/fograitear-maoiniu-os-cionn-e1-2m-do-chultur-eireann-chun-ealaiona-na-heireann-a-chur-chun-cinn-ar-fud-an-domhain\/","og_locale":"ga_IE","og_type":"article","og_title":"F\u00f3gra\u00edtear maoini\u00fa os cionn \u20ac1.2m do Chult\u00far \u00c9ireann chun eala\u00edona na h\u00c9ireann a chur chun cinn ar fud an domhain - Culture Ireland | Cult\u00far \u00c9ireann","og_description":"D\u2019fh\u00f3gair an tAire Turas\u00f3ireachta, Cult\u00fair, Eala\u00edon, Gaeltachta, Sp\u00f3irt agus Me\u00e1n, Catherine Martin maoini\u00fa \u20ac1,230,750 chun eala\u00edona na h\u00c9ireann a chur chun cinn ar fud an domhain tr\u00ed chl\u00e1r deontais rialta Chult\u00far \u00c9ireann. Rachaidh an maoini\u00fa chun tairbhe do 160 tionscadal scaipthe ar fud 40 t\u00edr, a chl\u00fad\u00f3idh sorcas, rince, scann\u00e1n, litr\u00edocht, ceol, ceoldr\u00e1ma, t\u00e9atar agus...","og_url":"https:\/\/www.cultureireland.ie\/ga\/fograitear-maoiniu-os-cionn-e1-2m-do-chultur-eireann-chun-ealaiona-na-heireann-a-chur-chun-cinn-ar-fud-an-domhain\/","og_site_name":"Culture Ireland | Cult\u00far \u00c9ireann","article_published_time":"2024-07-10T10:09:20+00:00","article_modified_time":"2024-07-10T10:11:03+00:00","og_image":[{"width":2560,"height":1707,"url":"https:\/\/www.cultureireland.ie\/wp-content\/uploads\/2024\/07\/13836_8._Promo_Image_Abacus_credit_Clare_Keogh-scaled.jpg","type":"image\/jpeg"}],"author":"Alison Geraghty","twitter_card":"summary_large_image","twitter_misc":{"Written by":"Alison Geraghty","Est. reading time":"3 minutes"},"schema":{"@context":"https:\/\/schema.org","@graph":[{"@type":"Article","@id":"https:\/\/www.cultureireland.ie\/ga\/fograitear-maoiniu-os-cionn-e1-2m-do-chultur-eireann-chun-ealaiona-na-heireann-a-chur-chun-cinn-ar-fud-an-domhain\/#article","isPartOf":{"@id":"https:\/\/www.cultureireland.ie\/ga\/fograitear-maoiniu-os-cionn-e1-2m-do-chultur-eireann-chun-ealaiona-na-heireann-a-chur-chun-cinn-ar-fud-an-domhain\/"},"author":{"name":"Alison Geraghty","@id":"https:\/\/www.cultureireland.ie\/#\/schema\/person\/5a112b112982634b1df406ec04316fe6"},"headline":"F\u00f3gra\u00edtear maoini\u00fa os cionn \u20ac1.2m do Chult\u00far \u00c9ireann chun eala\u00edona na h\u00c9ireann a chur chun cinn ar fud an domhain","datePublished":"2024-07-10T10:09:20+00:00","dateModified":"2024-07-10T10:11:03+00:00","mainEntityOfPage":{"@id":"https:\/\/www.cultureireland.ie\/ga\/fograitear-maoiniu-os-cionn-e1-2m-do-chultur-eireann-chun-ealaiona-na-heireann-a-chur-chun-cinn-ar-fud-an-domhain\/"},"wordCount":806,"publisher":{"@id":"https:\/\/www.cultureireland.ie\/#organization"},"image":{"@id":"https:\/\/www.cultureireland.ie\/ga\/fograitear-maoiniu-os-cionn-e1-2m-do-chultur-eireann-chun-ealaiona-na-heireann-a-chur-chun-cinn-ar-fud-an-domhain\/#primaryimage"},"thumbnailUrl":"https:\/\/www.cultureireland.ie\/wp-content\/uploads\/2024\/07\/13836_8._Promo_Image_Abacus_credit_Clare_Keogh-scaled.jpg","articleSection":["News"],"inLanguage":"ga-IE"},{"@type":"WebPage","@id":"https:\/\/www.cultureireland.ie\/ga\/fograitear-maoiniu-os-cionn-e1-2m-do-chultur-eireann-chun-ealaiona-na-heireann-a-chur-chun-cinn-ar-fud-an-domhain\/","url":"https:\/\/www.cultureireland.ie\/ga\/fograitear-maoiniu-os-cionn-e1-2m-do-chultur-eireann-chun-ealaiona-na-heireann-a-chur-chun-cinn-ar-fud-an-domhain\/","name":"F\u00f3gra\u00edtear maoini\u00fa os cionn \u20ac1.2m do Chult\u00far \u00c9ireann chun eala\u00edona na h\u00c9ireann a chur chun cinn ar fud an domhain - Culture Ireland | Cult\u00far \u00c9ireann","isPartOf":{"@id":"https:\/\/www.cultureireland.ie\/#website"},"primaryImageOfPage":{"@id":"https:\/\/www.cultureireland.ie\/ga\/fograitear-maoiniu-os-cionn-e1-2m-do-chultur-eireann-chun-ealaiona-na-heireann-a-chur-chun-cinn-ar-fud-an-domhain\/#primaryimage"},"image":{"@id":"https:\/\/www.cultureireland.ie\/ga\/fograitear-maoiniu-os-cionn-e1-2m-do-chultur-eireann-chun-ealaiona-na-heireann-a-chur-chun-cinn-ar-fud-an-domhain\/#primaryimage"},"thumbnailUrl":"https:\/\/www.cultureireland.ie\/wp-content\/uploads\/2024\/07\/13836_8._Promo_Image_Abacus_credit_Clare_Keogh-scaled.jpg","datePublished":"2024-07-10T10:09:20+00:00","dateModified":"2024-07-10T10:11:03+00:00","breadcrumb":{"@id":"https:\/\/www.cultureireland.ie\/ga\/fograitear-maoiniu-os-cionn-e1-2m-do-chultur-eireann-chun-ealaiona-na-heireann-a-chur-chun-cinn-ar-fud-an-domhain\/#breadcrumb"},"inLanguage":"ga-IE","potentialAction":[{"@type":"ReadAction","target":["https:\/\/www.cultureireland.ie\/ga\/fograitear-maoiniu-os-cionn-e1-2m-do-chultur-eireann-chun-ealaiona-na-heireann-a-chur-chun-cinn-ar-fud-an-domhain\/"]}]},{"@type":"ImageObject","inLanguage":"ga-IE","@id":"https:\/\/www.cultureireland.ie\/ga\/fograitear-maoiniu-os-cionn-e1-2m-do-chultur-eireann-chun-ealaiona-na-heireann-a-chur-chun-cinn-ar-fud-an-domhain\/#primaryimage","url":"https:\/\/www.cultureireland.ie\/wp-content\/uploads\/2024\/07\/13836_8._Promo_Image_Abacus_credit_Clare_Keogh-scaled.jpg","contentUrl":"https:\/\/www.cultureireland.ie\/wp-content\/uploads\/2024\/07\/13836_8._Promo_Image_Abacus_credit_Clare_Keogh-scaled.jpg","width":2560,"height":1707,"caption":"CMK22062016 REPRO FREE NO FEE Dancers in rehearsal for the World Premiere of Laura Murphy\u2019s Abacus to take place at midnight in National Sculture Factory on June 24th as part of Cork Midsummer Festival. See www.corkmidsummer.com Picture Clare Keogh EXTENDED CAPTION Press Release World Premiere of Laura Murphy\u2019s Abacus to take place at midnight in National Sculture Factory on June 24th as part of Cork Midsummer Festival Laura Murphy, acclaimed choreographer and Cork\u2019s Dancer in Residence at Firkin Crane will premiere her latest work Abacus at midnight on Friday June 24 th in the National Sculpture Factory as part of Cork Midsummer Festival, 2016. Working internationally as a dance artist, performer and teacher, Laura\u2019s work has been shown in countries including the USA, UK, France, Romania, China and Canada. Abacus celebrates the factory night shift where work becomes a spectator&#039;s sport. With the harmony of coordinated movement, Laura Murphy uses the aesthetics of mass industrialisation to produce a one- off choreography at the National Sculpture Factory in Cork. On Friday June 24 th , the night shift at the National Sculpture Factory begins and ends with the thrill of a black out. Abacus recycles the rhythms of work as eight women use 16 tin buckets as instruments and their bodies as moving parts on the factory floor. The eight dancers and sixteen buckets move as one, their movements generating a sound score in conjunction with composer Irene Buckley. The women work over time in over drive, moving clashing buckets in unison to produce a series of images and visuals for the audience to enjoy. No one relieves the dancers at the end of their shift. Abacus downs tools and the woman&#039;s work is done for now. Both visually and aurally striking Abacus will hold the audience&#039;s imagination long after its midnight performance\/shift. Laura Murphy\u2019s work as been described by critics as \u201ccarefully constructed and impecca"},{"@type":"BreadcrumbList","@id":"https:\/\/www.cultureireland.ie\/ga\/fograitear-maoiniu-os-cionn-e1-2m-do-chultur-eireann-chun-ealaiona-na-heireann-a-chur-chun-cinn-ar-fud-an-domhain\/#breadcrumb","itemListElement":[{"@type":"ListItem","position":1,"name":"Home","item":"https:\/\/www.cultureireland.ie\/"},{"@type":"ListItem","position":2,"name":"F\u00f3gra\u00edtear maoini\u00fa os cionn \u20ac1.2m do Chult\u00far \u00c9ireann chun eala\u00edona na h\u00c9ireann a chur chun cinn ar fud an domhain"}]},{"@type":"WebSite","@id":"https:\/\/www.cultureireland.ie\/#website","url":"https:\/\/www.cultureireland.ie\/","name":"Culture Ireland | Cult\u00far \u00c9ireann","description":"","publisher":{"@id":"https:\/\/www.cultureireland.ie\/#organization"},"potentialAction":[{"@type":"SearchAction","target":{"@type":"EntryPoint","urlTemplate":"https:\/\/www.cultureireland.ie\/?s={search_term_string}"},"query-input":{"@type":"PropertyValueSpecification","valueRequired":true,"valueName":"search_term_string"}}],"inLanguage":"ga-IE"},{"@type":"Organization","@id":"https:\/\/www.cultureireland.ie\/#organization","name":"Culture Ireland","url":"https:\/\/www.cultureireland.ie\/","logo":{"@type":"ImageObject","inLanguage":"ga-IE","@id":"https:\/\/www.cultureireland.ie\/#\/schema\/logo\/image\/","url":"https:\/\/www.cultureireland.ie\/wp-content\/uploads\/2024\/04\/Department-Tourism.png","contentUrl":"https:\/\/www.cultureireland.ie\/wp-content\/uploads\/2024\/04\/Department-Tourism.png","width":231,"height":218,"caption":"Culture Ireland"},"image":{"@id":"https:\/\/www.cultureireland.ie\/#\/schema\/logo\/image\/"}},{"@type":"Person","@id":"https:\/\/www.cultureireland.ie\/#\/schema\/person\/5a112b112982634b1df406ec04316fe6","name":"Alison Geraghty","image":{"@type":"ImageObject","inLanguage":"ga-IE","@id":"https:\/\/secure.gravatar.com\/avatar\/7c2fc3d82a5bae1e5728c60c1a1c793c36e63a6ae168541c9cecba6e1a6cd8a1?s=96&d=mm&r=g","url":"https:\/\/secure.gravatar.com\/avatar\/7c2fc3d82a5bae1e5728c60c1a1c793c36e63a6ae168541c9cecba6e1a6cd8a1?s=96&d=mm&r=g","contentUrl":"https:\/\/secure.gravatar.com\/avatar\/7c2fc3d82a5bae1e5728c60c1a1c793c36e63a6ae168541c9cecba6e1a6cd8a1?s=96&d=mm&r=g","caption":"Alison Geraghty"}}]}},"_links":{"self":[{"href":"https:\/\/www.cultureireland.ie\/ga\/wp-json\/wp\/v2\/posts\/2580","targetHints":{"allow":["GET"]}}],"collection":[{"href":"https:\/\/www.cultureireland.ie\/ga\/wp-json\/wp\/v2\/posts"}],"about":[{"href":"https:\/\/www.cultureireland.ie\/ga\/wp-json\/wp\/v2\/types\/post"}],"author":[{"embeddable":true,"href":"https:\/\/www.cultureireland.ie\/ga\/wp-json\/wp\/v2\/users\/16"}],"replies":[{"embeddable":true,"href":"https:\/\/www.cultureireland.ie\/ga\/wp-json\/wp\/v2\/comments?post=2580"}],"version-history":[{"count":1,"href":"https:\/\/www.cultureireland.ie\/ga\/wp-json\/wp\/v2\/posts\/2580\/revisions"}],"predecessor-version":[{"id":2581,"href":"https:\/\/www.cultureireland.ie\/ga\/wp-json\/wp\/v2\/posts\/2580\/revisions\/2581"}],"wp:featuredmedia":[{"embeddable":true,"href":"https:\/\/www.cultureireland.ie\/ga\/wp-json\/wp\/v2\/media\/2574"}],"wp:attachment":[{"href":"https:\/\/www.cultureireland.ie\/ga\/wp-json\/wp\/v2\/media?parent=2580"}],"wp:term":[{"taxonomy":"category","embeddable":true,"href":"https:\/\/www.cultureireland.ie\/ga\/wp-json\/wp\/v2\/categories?post=2580"},{"taxonomy":"post_tag","embeddable":true,"href":"https:\/\/www.cultureireland.ie\/ga\/wp-json\/wp\/v2\/tags?post=2580"}],"curies":[{"name":"wp","href":"https:\/\/api.w.org\/{rel}","templated":true}]}}