{"id":2523,"date":"2024-06-14T16:55:42","date_gmt":"2024-06-14T15:55:42","guid":{"rendered":"https:\/\/www.cultureireland.ie\/?p=2523"},"modified":"2024-06-14T16:55:42","modified_gmt":"2024-06-14T15:55:42","slug":"firatarrega-2024-gairm-ar-rannphairtiocht-i-dtoscaireacht-na-heireann","status":"publish","type":"post","link":"https:\/\/www.cultureireland.ie\/ga\/firatarrega-2024-gairm-ar-rannphairtiocht-i-dtoscaireacht-na-heireann\/","title":{"rendered":"FiraT\u00e0rrega 2024 &#8211; Gairm ar Rannph\u00e1irt\u00edocht i dToscaireacht na h\u00c9ireann"},"content":{"rendered":"<p>T\u00e1 Cult\u00far \u00c9ireann ag lorg iarratais ar rannph\u00e1irt\u00edocht i dtoscaireacht na h\u00c9ireann uathu si\u00fad ar mian leo saothair a chur chun cinn ag FiraT\u00e0rrega at\u00e1 ag tarl\u00fa in T\u00e0rrega na Sp\u00e1inne \u00f3 5 go 8 Me\u00e1n F\u00f3mhair 2024.<\/p>\n<p>Leanann Cult\u00far \u00c9ireann ar aghaidh ag maoini\u00fa L\u00edonra Eala\u00edona Sr\u00e1ide, Sorcais agus M\u00f3rthaibhsithe na h\u00c9ireann agus iad ag bainisti\u00fa agus ag tabhairt rannph\u00e1irt\u00edocht na t\u00edre in FiraT\u00e0rrega i gcr\u00edch, ar imeacht l\u00edonraithe agus seothaispe\u00e1ntais \u00e9 do na taibheala\u00edona, le b\u00e9im speisialta ar she\u00e1nra\u00ed an eala\u00edne sr\u00e1ide agus an mh\u00f3rthaibhsithe.<\/p>\n<p>Tr\u00edna bheith i l\u00e1thair ag an imeacht roimhe seo, t\u00e1 deiseanna idirn\u00e1isi\u00fanta cruthaithe d\u2019eala\u00edont\u00f3ir\u00ed na h\u00c9ireann agus t\u00e1 feabhas curtha ar l\u00edonra\u00ed do she\u00e1nra\u00ed eala\u00edne sr\u00e1ide agus m\u00f3rthaibhsithe na h\u00c9ireann go domhanda.<\/p>\n<p>T\u00e1 l\u00edon teoranta spar\u00e1nachta\u00ed toscaire \u00e1 chur ar f\u00e1il ag Cult\u00far \u00c9ireann at\u00e1 d\u00edrithe ar eala\u00edont\u00f3ir\u00ed \u00f3 fhoirmeacha eala\u00edne na sr\u00e1ide eala\u00edne agus an m\u00f3rthaibhsithe. Ba cheart go mbeadh iarrth\u00f3ir\u00ed \u00e1balta a l\u00e9iri\u00fa go bhfuil camchuarta\u00edocht idirn\u00e1isi\u00fanta d\u00e9anta acu, go bhfuil \u00e1bhar bolscaireachta den scoth ar f\u00e1il acu agus\/n\u00f3 go mbainfeadh siad tairbhe as a bheith i l\u00e1thair ag an imeacht chun a n-obair a chur chun cinn.<\/p>\n<p>D\u00e9anfar meas\u00fan\u00fa ar iarratais ar na boinn seo a leanas:<\/p>\n<ul>\n<li>Oiri\u00fanacht thionscnamh\/obair an iarrth\u00f3ra le haghaidh cur chun cinn go toscair\u00ed idirn\u00e1isi\u00fanta in FiraT\u00e0rrega.<\/li>\n<li>Dea-theist an eala\u00edont\u00f3ra\/an chomhlachta maidir le hobair a chur i l\u00e1thair thar lear.<\/li>\n<li>Fianaise de strait\u00e9is chamchuarta\u00edochta idirn\u00e1isi\u00fanta, le liosta f\u00e9ideartha de theagmh\u00e1lacha idirn\u00e1isi\u00fanta.<\/li>\n<li>Inni\u00falacht an eala\u00edont\u00f3ra\/an chomhlachta leas a bhaint as deiseanna camchuarta\u00edochta idirn\u00e1isi\u00fanta in 2024\/2025<\/li>\n<\/ul>\n<p>T\u00e1 an spar\u00e1nacht seo (\u20ac750 in aghaidh an toscaire) curtha ar f\u00e1il le haghaidh chostais na n-eitilt\u00ed ar ais, an chl\u00e1r\u00fach\u00e1in, agus s\u00ednti\u00fais le haghaidh l\u00f3ist\u00edn agus maireacht\u00e1la. Bronnfar spar\u00e1nacht toscaire amh\u00e1in in aghaidh na heagra\u00edochta.<\/p>\n<p>&nbsp;<\/p>\n<p>Ba cheart d\u2019iarrth\u00f3ir\u00ed iarratas a dh\u00e9anamh ar l\u00edne le Cult\u00far \u00c9ireann.\u00a0 Br\u00faigh <a href=\"http:\/\/applications.cultureireland.ie\/index.php?r=form9\"><strong>anseo<\/strong><\/a> le hiarratas a dh\u00e9anamh.<\/p>\n<p>&nbsp;<\/p>\n<p>Is \u00e9 an spriocdh\u00e1ta le haghaidh iarratas comhl\u00e1naithe ar spar\u00e1nacht toscaire a chur isteach n\u00e1 <strong>5in ar D\u00e9 C\u00e9adaoin 10<sup>\u00fa<\/sup> I\u00fail 2024.<\/strong><\/p>\n","protected":false},"excerpt":{"rendered":"<p>T\u00e1 Cult\u00far \u00c9ireann ag lorg iarratais ar rannph\u00e1irt\u00edocht i dtoscaireacht na h\u00c9ireann uathu si\u00fad ar mian leo saothair a chur chun cinn ag FiraT\u00e0rrega at\u00e1 ag tarl\u00fa in T\u00e0rrega na Sp\u00e1inne \u00f3 5 go 8 Me\u00e1n F\u00f3mhair 2024. Leanann Cult\u00far \u00c9ireann ar aghaidh ag maoini\u00fa L\u00edonra Eala\u00edona Sr\u00e1ide, Sorcais agus M\u00f3rthaibhsithe na h\u00c9ireann agus iad&#8230; <\/p>\n","protected":false},"author":16,"featured_media":2521,"comment_status":"closed","ping_status":"closed","sticky":false,"template":"","format":"standard","meta":{"_acf_changed":false,"footnotes":""},"categories":[16],"tags":[],"class_list":["post-2523","post","type-post","status-publish","format-standard","has-post-thumbnail","hentry","category-news-ga"],"acf":[],"yoast_head":"<!-- This site is optimized with the Yoast SEO plugin v27.2 - https:\/\/yoast.com\/product\/yoast-seo-wordpress\/ -->\n<title>FiraT\u00e0rrega 2024 - Gairm ar Rannph\u00e1irt\u00edocht i dToscaireacht na h\u00c9ireann - Culture Ireland | Cult\u00far \u00c9ireann<\/title>\n<meta name=\"robots\" content=\"index, follow, max-snippet:-1, max-image-preview:large, max-video-preview:-1\" \/>\n<link rel=\"canonical\" href=\"https:\/\/www.cultureireland.ie\/ga\/firatarrega-2024-gairm-ar-rannphairtiocht-i-dtoscaireacht-na-heireann\/\" \/>\n<meta property=\"og:locale\" content=\"ga_IE\" \/>\n<meta property=\"og:type\" content=\"article\" \/>\n<meta property=\"og:title\" content=\"FiraT\u00e0rrega 2024 - Gairm ar Rannph\u00e1irt\u00edocht i dToscaireacht na h\u00c9ireann - Culture Ireland | Cult\u00far \u00c9ireann\" \/>\n<meta property=\"og:description\" content=\"T\u00e1 Cult\u00far \u00c9ireann ag lorg iarratais ar rannph\u00e1irt\u00edocht i dtoscaireacht na h\u00c9ireann uathu si\u00fad ar mian leo saothair a chur chun cinn ag FiraT\u00e0rrega at\u00e1 ag tarl\u00fa in T\u00e0rrega na Sp\u00e1inne \u00f3 5 go 8 Me\u00e1n F\u00f3mhair 2024. Leanann Cult\u00far \u00c9ireann ar aghaidh ag maoini\u00fa L\u00edonra Eala\u00edona Sr\u00e1ide, Sorcais agus M\u00f3rthaibhsithe na h\u00c9ireann agus iad...\" \/>\n<meta property=\"og:url\" content=\"https:\/\/www.cultureireland.ie\/ga\/firatarrega-2024-gairm-ar-rannphairtiocht-i-dtoscaireacht-na-heireann\/\" \/>\n<meta property=\"og:site_name\" content=\"Culture Ireland | Cult\u00far \u00c9ireann\" \/>\n<meta property=\"article:published_time\" content=\"2024-06-14T15:55:42+00:00\" \/>\n<meta property=\"og:image\" content=\"https:\/\/www.cultureireland.ie\/wp-content\/uploads\/2024\/06\/ISACS-Network-at-FiraTarrega-2023-2.jpg\" \/>\n\t<meta property=\"og:image:width\" content=\"2048\" \/>\n\t<meta property=\"og:image:height\" content=\"1536\" \/>\n\t<meta property=\"og:image:type\" content=\"image\/jpeg\" \/>\n<meta name=\"author\" content=\"Alison Geraghty\" \/>\n<meta name=\"twitter:card\" content=\"summary_large_image\" \/>\n<meta name=\"twitter:label1\" content=\"Written by\" \/>\n\t<meta name=\"twitter:data1\" content=\"Alison Geraghty\" \/>\n\t<meta name=\"twitter:label2\" content=\"Est. reading time\" \/>\n\t<meta name=\"twitter:data2\" content=\"2 minutes\" \/>\n<script type=\"application\/ld+json\" class=\"yoast-schema-graph\">{\"@context\":\"https:\/\/schema.org\",\"@graph\":[{\"@type\":\"Article\",\"@id\":\"https:\/\/www.cultureireland.ie\/ga\/firatarrega-2024-gairm-ar-rannphairtiocht-i-dtoscaireacht-na-heireann\/#article\",\"isPartOf\":{\"@id\":\"https:\/\/www.cultureireland.ie\/ga\/firatarrega-2024-gairm-ar-rannphairtiocht-i-dtoscaireacht-na-heireann\/\"},\"author\":{\"name\":\"Alison Geraghty\",\"@id\":\"https:\/\/www.cultureireland.ie\/#\/schema\/person\/5a112b112982634b1df406ec04316fe6\"},\"headline\":\"FiraT\u00e0rrega 2024 &#8211; Gairm ar Rannph\u00e1irt\u00edocht i dToscaireacht na h\u00c9ireann\",\"datePublished\":\"2024-06-14T15:55:42+00:00\",\"mainEntityOfPage\":{\"@id\":\"https:\/\/www.cultureireland.ie\/ga\/firatarrega-2024-gairm-ar-rannphairtiocht-i-dtoscaireacht-na-heireann\/\"},\"wordCount\":441,\"publisher\":{\"@id\":\"https:\/\/www.cultureireland.ie\/#organization\"},\"image\":{\"@id\":\"https:\/\/www.cultureireland.ie\/ga\/firatarrega-2024-gairm-ar-rannphairtiocht-i-dtoscaireacht-na-heireann\/#primaryimage\"},\"thumbnailUrl\":\"https:\/\/www.cultureireland.ie\/wp-content\/uploads\/2024\/06\/ISACS-Network-at-FiraTarrega-2023-2.jpg\",\"articleSection\":[\"News\"],\"inLanguage\":\"ga-IE\"},{\"@type\":\"WebPage\",\"@id\":\"https:\/\/www.cultureireland.ie\/ga\/firatarrega-2024-gairm-ar-rannphairtiocht-i-dtoscaireacht-na-heireann\/\",\"url\":\"https:\/\/www.cultureireland.ie\/ga\/firatarrega-2024-gairm-ar-rannphairtiocht-i-dtoscaireacht-na-heireann\/\",\"name\":\"FiraT\u00e0rrega 2024 - Gairm ar Rannph\u00e1irt\u00edocht i dToscaireacht na h\u00c9ireann - Culture Ireland | Cult\u00far \u00c9ireann\",\"isPartOf\":{\"@id\":\"https:\/\/www.cultureireland.ie\/#website\"},\"primaryImageOfPage\":{\"@id\":\"https:\/\/www.cultureireland.ie\/ga\/firatarrega-2024-gairm-ar-rannphairtiocht-i-dtoscaireacht-na-heireann\/#primaryimage\"},\"image\":{\"@id\":\"https:\/\/www.cultureireland.ie\/ga\/firatarrega-2024-gairm-ar-rannphairtiocht-i-dtoscaireacht-na-heireann\/#primaryimage\"},\"thumbnailUrl\":\"https:\/\/www.cultureireland.ie\/wp-content\/uploads\/2024\/06\/ISACS-Network-at-FiraTarrega-2023-2.jpg\",\"datePublished\":\"2024-06-14T15:55:42+00:00\",\"breadcrumb\":{\"@id\":\"https:\/\/www.cultureireland.ie\/ga\/firatarrega-2024-gairm-ar-rannphairtiocht-i-dtoscaireacht-na-heireann\/#breadcrumb\"},\"inLanguage\":\"ga-IE\",\"potentialAction\":[{\"@type\":\"ReadAction\",\"target\":[\"https:\/\/www.cultureireland.ie\/ga\/firatarrega-2024-gairm-ar-rannphairtiocht-i-dtoscaireacht-na-heireann\/\"]}]},{\"@type\":\"ImageObject\",\"inLanguage\":\"ga-IE\",\"@id\":\"https:\/\/www.cultureireland.ie\/ga\/firatarrega-2024-gairm-ar-rannphairtiocht-i-dtoscaireacht-na-heireann\/#primaryimage\",\"url\":\"https:\/\/www.cultureireland.ie\/wp-content\/uploads\/2024\/06\/ISACS-Network-at-FiraTarrega-2023-2.jpg\",\"contentUrl\":\"https:\/\/www.cultureireland.ie\/wp-content\/uploads\/2024\/06\/ISACS-Network-at-FiraTarrega-2023-2.jpg\",\"width\":2048,\"height\":1536},{\"@type\":\"BreadcrumbList\",\"@id\":\"https:\/\/www.cultureireland.ie\/ga\/firatarrega-2024-gairm-ar-rannphairtiocht-i-dtoscaireacht-na-heireann\/#breadcrumb\",\"itemListElement\":[{\"@type\":\"ListItem\",\"position\":1,\"name\":\"Home\",\"item\":\"https:\/\/www.cultureireland.ie\/\"},{\"@type\":\"ListItem\",\"position\":2,\"name\":\"FiraT\u00e0rrega 2024 &#8211; Gairm ar Rannph\u00e1irt\u00edocht i dToscaireacht na h\u00c9ireann\"}]},{\"@type\":\"WebSite\",\"@id\":\"https:\/\/www.cultureireland.ie\/#website\",\"url\":\"https:\/\/www.cultureireland.ie\/\",\"name\":\"Culture Ireland | Cult\u00far \u00c9ireann\",\"description\":\"\",\"publisher\":{\"@id\":\"https:\/\/www.cultureireland.ie\/#organization\"},\"potentialAction\":[{\"@type\":\"SearchAction\",\"target\":{\"@type\":\"EntryPoint\",\"urlTemplate\":\"https:\/\/www.cultureireland.ie\/?s={search_term_string}\"},\"query-input\":{\"@type\":\"PropertyValueSpecification\",\"valueRequired\":true,\"valueName\":\"search_term_string\"}}],\"inLanguage\":\"ga-IE\"},{\"@type\":\"Organization\",\"@id\":\"https:\/\/www.cultureireland.ie\/#organization\",\"name\":\"Culture Ireland\",\"url\":\"https:\/\/www.cultureireland.ie\/\",\"logo\":{\"@type\":\"ImageObject\",\"inLanguage\":\"ga-IE\",\"@id\":\"https:\/\/www.cultureireland.ie\/#\/schema\/logo\/image\/\",\"url\":\"https:\/\/www.cultureireland.ie\/wp-content\/uploads\/2024\/04\/Department-Tourism.png\",\"contentUrl\":\"https:\/\/www.cultureireland.ie\/wp-content\/uploads\/2024\/04\/Department-Tourism.png\",\"width\":231,\"height\":218,\"caption\":\"Culture Ireland\"},\"image\":{\"@id\":\"https:\/\/www.cultureireland.ie\/#\/schema\/logo\/image\/\"}},{\"@type\":\"Person\",\"@id\":\"https:\/\/www.cultureireland.ie\/#\/schema\/person\/5a112b112982634b1df406ec04316fe6\",\"name\":\"Alison Geraghty\",\"image\":{\"@type\":\"ImageObject\",\"inLanguage\":\"ga-IE\",\"@id\":\"https:\/\/secure.gravatar.com\/avatar\/7c2fc3d82a5bae1e5728c60c1a1c793c36e63a6ae168541c9cecba6e1a6cd8a1?s=96&d=mm&r=g\",\"url\":\"https:\/\/secure.gravatar.com\/avatar\/7c2fc3d82a5bae1e5728c60c1a1c793c36e63a6ae168541c9cecba6e1a6cd8a1?s=96&d=mm&r=g\",\"contentUrl\":\"https:\/\/secure.gravatar.com\/avatar\/7c2fc3d82a5bae1e5728c60c1a1c793c36e63a6ae168541c9cecba6e1a6cd8a1?s=96&d=mm&r=g\",\"caption\":\"Alison Geraghty\"}}]}<\/script>\n<!-- \/ Yoast SEO plugin. -->","yoast_head_json":{"title":"FiraT\u00e0rrega 2024 - Gairm ar Rannph\u00e1irt\u00edocht i dToscaireacht na h\u00c9ireann - Culture Ireland | Cult\u00far \u00c9ireann","robots":{"index":"index","follow":"follow","max-snippet":"max-snippet:-1","max-image-preview":"max-image-preview:large","max-video-preview":"max-video-preview:-1"},"canonical":"https:\/\/www.cultureireland.ie\/ga\/firatarrega-2024-gairm-ar-rannphairtiocht-i-dtoscaireacht-na-heireann\/","og_locale":"ga_IE","og_type":"article","og_title":"FiraT\u00e0rrega 2024 - Gairm ar Rannph\u00e1irt\u00edocht i dToscaireacht na h\u00c9ireann - Culture Ireland | Cult\u00far \u00c9ireann","og_description":"T\u00e1 Cult\u00far \u00c9ireann ag lorg iarratais ar rannph\u00e1irt\u00edocht i dtoscaireacht na h\u00c9ireann uathu si\u00fad ar mian leo saothair a chur chun cinn ag FiraT\u00e0rrega at\u00e1 ag tarl\u00fa in T\u00e0rrega na Sp\u00e1inne \u00f3 5 go 8 Me\u00e1n F\u00f3mhair 2024. Leanann Cult\u00far \u00c9ireann ar aghaidh ag maoini\u00fa L\u00edonra Eala\u00edona Sr\u00e1ide, Sorcais agus M\u00f3rthaibhsithe na h\u00c9ireann agus iad...","og_url":"https:\/\/www.cultureireland.ie\/ga\/firatarrega-2024-gairm-ar-rannphairtiocht-i-dtoscaireacht-na-heireann\/","og_site_name":"Culture Ireland | Cult\u00far \u00c9ireann","article_published_time":"2024-06-14T15:55:42+00:00","og_image":[{"width":2048,"height":1536,"url":"https:\/\/www.cultureireland.ie\/wp-content\/uploads\/2024\/06\/ISACS-Network-at-FiraTarrega-2023-2.jpg","type":"image\/jpeg"}],"author":"Alison Geraghty","twitter_card":"summary_large_image","twitter_misc":{"Written by":"Alison Geraghty","Est. reading time":"2 minutes"},"schema":{"@context":"https:\/\/schema.org","@graph":[{"@type":"Article","@id":"https:\/\/www.cultureireland.ie\/ga\/firatarrega-2024-gairm-ar-rannphairtiocht-i-dtoscaireacht-na-heireann\/#article","isPartOf":{"@id":"https:\/\/www.cultureireland.ie\/ga\/firatarrega-2024-gairm-ar-rannphairtiocht-i-dtoscaireacht-na-heireann\/"},"author":{"name":"Alison Geraghty","@id":"https:\/\/www.cultureireland.ie\/#\/schema\/person\/5a112b112982634b1df406ec04316fe6"},"headline":"FiraT\u00e0rrega 2024 &#8211; Gairm ar Rannph\u00e1irt\u00edocht i dToscaireacht na h\u00c9ireann","datePublished":"2024-06-14T15:55:42+00:00","mainEntityOfPage":{"@id":"https:\/\/www.cultureireland.ie\/ga\/firatarrega-2024-gairm-ar-rannphairtiocht-i-dtoscaireacht-na-heireann\/"},"wordCount":441,"publisher":{"@id":"https:\/\/www.cultureireland.ie\/#organization"},"image":{"@id":"https:\/\/www.cultureireland.ie\/ga\/firatarrega-2024-gairm-ar-rannphairtiocht-i-dtoscaireacht-na-heireann\/#primaryimage"},"thumbnailUrl":"https:\/\/www.cultureireland.ie\/wp-content\/uploads\/2024\/06\/ISACS-Network-at-FiraTarrega-2023-2.jpg","articleSection":["News"],"inLanguage":"ga-IE"},{"@type":"WebPage","@id":"https:\/\/www.cultureireland.ie\/ga\/firatarrega-2024-gairm-ar-rannphairtiocht-i-dtoscaireacht-na-heireann\/","url":"https:\/\/www.cultureireland.ie\/ga\/firatarrega-2024-gairm-ar-rannphairtiocht-i-dtoscaireacht-na-heireann\/","name":"FiraT\u00e0rrega 2024 - Gairm ar Rannph\u00e1irt\u00edocht i dToscaireacht na h\u00c9ireann - Culture Ireland | Cult\u00far \u00c9ireann","isPartOf":{"@id":"https:\/\/www.cultureireland.ie\/#website"},"primaryImageOfPage":{"@id":"https:\/\/www.cultureireland.ie\/ga\/firatarrega-2024-gairm-ar-rannphairtiocht-i-dtoscaireacht-na-heireann\/#primaryimage"},"image":{"@id":"https:\/\/www.cultureireland.ie\/ga\/firatarrega-2024-gairm-ar-rannphairtiocht-i-dtoscaireacht-na-heireann\/#primaryimage"},"thumbnailUrl":"https:\/\/www.cultureireland.ie\/wp-content\/uploads\/2024\/06\/ISACS-Network-at-FiraTarrega-2023-2.jpg","datePublished":"2024-06-14T15:55:42+00:00","breadcrumb":{"@id":"https:\/\/www.cultureireland.ie\/ga\/firatarrega-2024-gairm-ar-rannphairtiocht-i-dtoscaireacht-na-heireann\/#breadcrumb"},"inLanguage":"ga-IE","potentialAction":[{"@type":"ReadAction","target":["https:\/\/www.cultureireland.ie\/ga\/firatarrega-2024-gairm-ar-rannphairtiocht-i-dtoscaireacht-na-heireann\/"]}]},{"@type":"ImageObject","inLanguage":"ga-IE","@id":"https:\/\/www.cultureireland.ie\/ga\/firatarrega-2024-gairm-ar-rannphairtiocht-i-dtoscaireacht-na-heireann\/#primaryimage","url":"https:\/\/www.cultureireland.ie\/wp-content\/uploads\/2024\/06\/ISACS-Network-at-FiraTarrega-2023-2.jpg","contentUrl":"https:\/\/www.cultureireland.ie\/wp-content\/uploads\/2024\/06\/ISACS-Network-at-FiraTarrega-2023-2.jpg","width":2048,"height":1536},{"@type":"BreadcrumbList","@id":"https:\/\/www.cultureireland.ie\/ga\/firatarrega-2024-gairm-ar-rannphairtiocht-i-dtoscaireacht-na-heireann\/#breadcrumb","itemListElement":[{"@type":"ListItem","position":1,"name":"Home","item":"https:\/\/www.cultureireland.ie\/"},{"@type":"ListItem","position":2,"name":"FiraT\u00e0rrega 2024 &#8211; Gairm ar Rannph\u00e1irt\u00edocht i dToscaireacht na h\u00c9ireann"}]},{"@type":"WebSite","@id":"https:\/\/www.cultureireland.ie\/#website","url":"https:\/\/www.cultureireland.ie\/","name":"Culture Ireland | Cult\u00far \u00c9ireann","description":"","publisher":{"@id":"https:\/\/www.cultureireland.ie\/#organization"},"potentialAction":[{"@type":"SearchAction","target":{"@type":"EntryPoint","urlTemplate":"https:\/\/www.cultureireland.ie\/?s={search_term_string}"},"query-input":{"@type":"PropertyValueSpecification","valueRequired":true,"valueName":"search_term_string"}}],"inLanguage":"ga-IE"},{"@type":"Organization","@id":"https:\/\/www.cultureireland.ie\/#organization","name":"Culture Ireland","url":"https:\/\/www.cultureireland.ie\/","logo":{"@type":"ImageObject","inLanguage":"ga-IE","@id":"https:\/\/www.cultureireland.ie\/#\/schema\/logo\/image\/","url":"https:\/\/www.cultureireland.ie\/wp-content\/uploads\/2024\/04\/Department-Tourism.png","contentUrl":"https:\/\/www.cultureireland.ie\/wp-content\/uploads\/2024\/04\/Department-Tourism.png","width":231,"height":218,"caption":"Culture Ireland"},"image":{"@id":"https:\/\/www.cultureireland.ie\/#\/schema\/logo\/image\/"}},{"@type":"Person","@id":"https:\/\/www.cultureireland.ie\/#\/schema\/person\/5a112b112982634b1df406ec04316fe6","name":"Alison Geraghty","image":{"@type":"ImageObject","inLanguage":"ga-IE","@id":"https:\/\/secure.gravatar.com\/avatar\/7c2fc3d82a5bae1e5728c60c1a1c793c36e63a6ae168541c9cecba6e1a6cd8a1?s=96&d=mm&r=g","url":"https:\/\/secure.gravatar.com\/avatar\/7c2fc3d82a5bae1e5728c60c1a1c793c36e63a6ae168541c9cecba6e1a6cd8a1?s=96&d=mm&r=g","contentUrl":"https:\/\/secure.gravatar.com\/avatar\/7c2fc3d82a5bae1e5728c60c1a1c793c36e63a6ae168541c9cecba6e1a6cd8a1?s=96&d=mm&r=g","caption":"Alison Geraghty"}}]}},"_links":{"self":[{"href":"https:\/\/www.cultureireland.ie\/ga\/wp-json\/wp\/v2\/posts\/2523","targetHints":{"allow":["GET"]}}],"collection":[{"href":"https:\/\/www.cultureireland.ie\/ga\/wp-json\/wp\/v2\/posts"}],"about":[{"href":"https:\/\/www.cultureireland.ie\/ga\/wp-json\/wp\/v2\/types\/post"}],"author":[{"embeddable":true,"href":"https:\/\/www.cultureireland.ie\/ga\/wp-json\/wp\/v2\/users\/16"}],"replies":[{"embeddable":true,"href":"https:\/\/www.cultureireland.ie\/ga\/wp-json\/wp\/v2\/comments?post=2523"}],"version-history":[{"count":1,"href":"https:\/\/www.cultureireland.ie\/ga\/wp-json\/wp\/v2\/posts\/2523\/revisions"}],"predecessor-version":[{"id":2524,"href":"https:\/\/www.cultureireland.ie\/ga\/wp-json\/wp\/v2\/posts\/2523\/revisions\/2524"}],"wp:featuredmedia":[{"embeddable":true,"href":"https:\/\/www.cultureireland.ie\/ga\/wp-json\/wp\/v2\/media\/2521"}],"wp:attachment":[{"href":"https:\/\/www.cultureireland.ie\/ga\/wp-json\/wp\/v2\/media?parent=2523"}],"wp:term":[{"taxonomy":"category","embeddable":true,"href":"https:\/\/www.cultureireland.ie\/ga\/wp-json\/wp\/v2\/categories?post=2523"},{"taxonomy":"post_tag","embeddable":true,"href":"https:\/\/www.cultureireland.ie\/ga\/wp-json\/wp\/v2\/tags?post=2523"}],"curies":[{"name":"wp","href":"https:\/\/api.w.org\/{rel}","templated":true}]}}