{"id":2379,"date":"2024-02-16T16:33:56","date_gmt":"2024-02-16T16:33:56","guid":{"rendered":"https:\/\/www.cultureireland.ie\/seoladh-ionadaiocht-na-heireann-ag-biennale-na-veineise-2024\/"},"modified":"2024-02-16T16:33:56","modified_gmt":"2024-02-16T16:33:56","slug":"seoladh-ionadaiocht-na-heireann-ag-biennale-na-veineise-2024","status":"publish","type":"post","link":"https:\/\/www.cultureireland.ie\/ga\/seoladh-ionadaiocht-na-heireann-ag-biennale-na-veineise-2024\/","title":{"rendered":"Seoladh Ionada\u00edocht na h\u00c9ireann ag Biennale na Vein\u00e9ise 2024"},"content":{"rendered":"<p>I dTeach an Ardmh\u00e9ara, inniu, D\u00e9ardaoin, an 15 Feabhra, sheol an tAire Turas\u00f3ireachta, Cult\u00fair, Eala\u00edon, Gaeltachta, Sp\u00f3irt agus Me\u00e1n, Catherine Martin T.D., ionada\u00edocht na h\u00c9ireann ag an 60\u00fa Taispe\u00e1ntas Idirn\u00e1isi\u00fanta Eala\u00edne \u2013 La Biennale di Venezia. Roghna\u00edodh an t-eala\u00edont\u00f3ir Eimear Walsh, leis an gcoime\u00e1da\u00ed Sara Greavu agus Project Arts Centre chun ionada\u00edocht a dh\u00e9anamh ar son na h\u00c9ireann ag an imeacht m\u00f3r le r\u00e1. D\u00e9anann an Roinn, tr\u00ed Chult\u00far \u00c9ireann, \u00c9ire sa Vein\u00e9is a choimisi\u00fan\u00fa i gcomhph\u00e1irt\u00edocht leis an gComhairle Eala\u00edon.<\/p>\n<p>Is \u00e9 Biennale Ailtireachta na Vein\u00e9ise, a bheidh ar si\u00fal \u00f3n 20 Aibre\u00e1n go dt\u00ed an 24 Samhain 2024, an t-ard\u00e1n domhanda is t\u00e1bhachta\u00ed maidir le taispe\u00e1ntas na n-amharc-eala\u00edon a ghlacfaidh an pobal, baill den tsocha\u00ed shibhialta, daoine aonair agus institi\u00faid\u00ed p\u00e1irt ann. Tugtar deis uath\u00fail ann d\u2019eala\u00edont\u00f3ir\u00ed \u00c9ireannacha lucht f\u00e9achana idirn\u00e1isi\u00fanta a mhealladh.<\/p>\n<p>Ag freagairt do th\u00e9ama na bliana seo, Eachtrannaigh i ngach \u00c1it &#8211; roghnaigh coime\u00e1da\u00ed an Biennale, Adriana Pedrosa pailli\u00fan \u00c9ireannach dar teideal \u00c9ire R\u00f3m\u00e1ns\u00fail. Suite\u00e1il f\u00edse ilchain\u00e9il agus fuaimrian ceoldr\u00e1ma\u00edochta at\u00e1 lonnaithe i ndealbh tumthach a bheidh sa phaili\u00fan. D\u00e9antar ini\u00fachadh i dtionscadal Eimear Walshe ar pholait\u00edocht chasta na t\u00f3g\u00e1la comhchoitinne tr\u00ed thraidisi\u00fan na h\u00c9ireann den \u2018mheitheal\u2019: gr\u00fapa oibrithe, comharsana, cairde agus gaolta a thagann le ch\u00e9ile chun t\u00f3g\u00e1il.<\/p>\n<p>D\u00fairt an tAire Martin: Gu\u00edm gach rath ar Eimear Walshe, Sara Greavu, agus Project Arts Centre agus iad ag d\u00e9anamh ionada\u00edochta ar \u00c9irinn ag Biennale na Vein\u00e9ise 2024. \u00c9acht ollmh\u00f3r is ea \u00ed seo agus deis iontach don eala\u00edont\u00f3ir agus don t\u00edr araon. Arda\u00edonnn rannph\u00e1irt\u00edocht ag Biennale na Vein\u00e9ise feasacht ar earn\u00e1il l\u00e1idir amharceala\u00edona na h\u00c9ireann agus cuireann s\u00e9 ard\u00e1n idirn\u00e1isi\u00fanta ar f\u00e1il don eala\u00edont\u00f3ir d\u00e1 saothar. D\u00e9anann mo Roinnse, tr\u00ed Chult\u00far \u00c9ireann, \u00c9ire sa Vein\u00e9is a choimisi\u00fan\u00fa i gcomhph\u00e1irt\u00edocht leis an gComhairle Eala\u00edon, agus is d\u00e1ta t\u00e1bhachtach \u00e9 in\u00e1r bhf\u00e9ilire cult\u00fair. Gu\u00edm gach rath ar gach duine a bhfuil baint acu leis an Biennale i mbliana.\u201d<\/p>\n<p>Rinneadh an f\u00edse\u00e1n a thaifeadadh ar an l\u00e1thair san ionad scileanna inbhuanaithe, Common Knowledge, at\u00e1 lonnaithe sa Bhoirinn, ar ch\u00f3sta thiar na h\u00c9ireann. T\u00e1 gr\u00fapa de sheachtar taibheoir\u00ed ann faoi sti\u00fair an ch\u00f3ragrafa\u00ed Mufutau Yusuf. Ceoldr\u00e1ma at\u00e1 i bhfuaimrian an phailli\u00fain ina nd\u00e9antar cur s\u00edos ar dh\u00edbirt, a chum Amanda Feery le libretto le Walshe.<\/p>\n<p>T\u00f3gfaidh \u00c9ire sa Vein\u00e9is 2024 ar l\u00e1ithreacht l\u00e1idir na h\u00c9ireann ag Biennale di Venezia le roinnt blianta anois. Le blianta beaga anuas, rinne Niamh O\u2019Malley le TBG+S agus Eva Rothschild ionada\u00edocht ar \u00c9riinn i dtaispe\u00e1ntas a choime\u00e1d Mary Cremin. Chuir Project Arts Centre Tremble Tremble le Jesse Jones i l\u00e1thair sa Vein\u00e9is in 2017, a choime\u00e1d Tessa Giblin.<\/p>\n<p>Tar \u00e9is an l\u00e9iri\u00fach\u00e1in sa Vein\u00e9is, rachaidh \u00c9ire R\u00f3m\u00e1ns\u00fail ar camchuairt timpeall na h\u00c9ireann in 2025 le taca\u00edocht \u00f3n gComhairle Eala\u00edon. Agus gn\u00e9ithe den suite\u00e1il \u00e1 n-athchruth\u00fa i ngach ionad, cuirfidh an chamchuairt \u00c9ireannach ar chumas phobal na h\u00c9ireann taith\u00ed a fh\u00e1il ar shaothar Eimear Walshe. T\u00e1 cl\u00e1r faisn\u00e9ise \u00e1 dh\u00e9anamh ar an tionscadal freisin.<\/p>\n<p>Seo an m\u00e9id a d\u00fairt coime\u00e1da\u00ed an tionscadail, Sara Greavu, faoin tionscadal:<br \/>\n\u201cCuirtear sp\u00e9is go n\u00e1isi\u00fanta agus go hidirn\u00e1isi\u00fanta san athbheochan cult\u00fartha \u00c9ireannach at\u00e1 ag dul i m\u00e9id, agus at\u00e1 le feice\u00e1il n\u00edos m\u00f3 agus n\u00edos m\u00f3 ar fud na bhfoirmeacha eala\u00edne go l\u00e9ir. N\u00edl saothar Walshe cumhach n\u00f3 ag brath ar mhiotaseola\u00edocht shamhlaithe, agus n\u00edl s\u00e9 d\u00fachasach, ach t\u00e1 s\u00e9 ag oscailt amach agus ag athleagan amach, ag cur as \u00e1it agus ag glacadh go h\u00edogair leis na gn\u00e9ithe seo de r\u00e9ir mar a l\u00e9ir\u00edtear ann caidrimh sh\u00f3isialta mhalartacha.&#8221;<\/p>\n<p>Grianghraf le caoinchead \u00f3:\u00a0Faol\u00e1n Carey<\/p>\n","protected":false},"excerpt":{"rendered":"<p>I dTeach an Ardmh\u00e9ara, inniu, D\u00e9ardaoin, an 15 Feabhra, sheol an tAire Turas\u00f3ireachta, Cult\u00fair, Eala\u00edon, Gaeltachta, Sp\u00f3irt agus Me\u00e1n, Catherine Martin T.D., ionada\u00edocht na h\u00c9ireann ag an 60\u00fa Taispe\u00e1ntas Idirn\u00e1isi\u00fanta Eala\u00edne \u2013 La Biennale di Venezia. Roghna\u00edodh an t-eala\u00edont\u00f3ir Eimear Walsh, leis an gcoime\u00e1da\u00ed Sara Greavu agus Project Arts Centre chun ionada\u00edocht a dh\u00e9anamh ar&#8230; <\/p>\n","protected":false},"author":9,"featured_media":2172,"comment_status":"closed","ping_status":"closed","sticky":false,"template":"","format":"standard","meta":{"_acf_changed":false,"footnotes":""},"categories":[16],"tags":[],"class_list":["post-2379","post","type-post","status-publish","format-standard","has-post-thumbnail","hentry","category-news-ga"],"acf":[],"yoast_head":"<!-- This site is optimized with the Yoast SEO plugin v27.2 - https:\/\/yoast.com\/product\/yoast-seo-wordpress\/ -->\n<title>Seoladh Ionada\u00edocht na h\u00c9ireann ag Biennale na Vein\u00e9ise 2024 - Culture Ireland | Cult\u00far \u00c9ireann<\/title>\n<meta name=\"robots\" content=\"index, follow, max-snippet:-1, max-image-preview:large, max-video-preview:-1\" \/>\n<link rel=\"canonical\" href=\"https:\/\/www.cultureireland.ie\/ga\/seoladh-ionadaiocht-na-heireann-ag-biennale-na-veineise-2024\/\" \/>\n<meta property=\"og:locale\" content=\"ga_IE\" \/>\n<meta property=\"og:type\" content=\"article\" \/>\n<meta property=\"og:title\" content=\"Seoladh Ionada\u00edocht na h\u00c9ireann ag Biennale na Vein\u00e9ise 2024 - Culture Ireland | Cult\u00far \u00c9ireann\" \/>\n<meta property=\"og:description\" content=\"I dTeach an Ardmh\u00e9ara, inniu, D\u00e9ardaoin, an 15 Feabhra, sheol an tAire Turas\u00f3ireachta, Cult\u00fair, Eala\u00edon, Gaeltachta, Sp\u00f3irt agus Me\u00e1n, Catherine Martin T.D., ionada\u00edocht na h\u00c9ireann ag an 60\u00fa Taispe\u00e1ntas Idirn\u00e1isi\u00fanta Eala\u00edne \u2013 La Biennale di Venezia. Roghna\u00edodh an t-eala\u00edont\u00f3ir Eimear Walsh, leis an gcoime\u00e1da\u00ed Sara Greavu agus Project Arts Centre chun ionada\u00edocht a dh\u00e9anamh ar...\" \/>\n<meta property=\"og:url\" content=\"https:\/\/www.cultureireland.ie\/ga\/seoladh-ionadaiocht-na-heireann-ag-biennale-na-veineise-2024\/\" \/>\n<meta property=\"og:site_name\" content=\"Culture Ireland | Cult\u00far \u00c9ireann\" \/>\n<meta property=\"article:published_time\" content=\"2024-02-16T16:33:56+00:00\" \/>\n<meta property=\"og:image\" content=\"https:\/\/www.cultureireland.ie\/wp-content\/uploads\/2024\/04\/Picture3.png\" \/>\n\t<meta property=\"og:image:width\" content=\"591\" \/>\n\t<meta property=\"og:image:height\" content=\"345\" \/>\n\t<meta property=\"og:image:type\" content=\"image\/png\" \/>\n<meta name=\"author\" content=\"Padraig Foran\" \/>\n<meta name=\"twitter:card\" content=\"summary_large_image\" \/>\n<meta name=\"twitter:label1\" content=\"Written by\" \/>\n\t<meta name=\"twitter:data1\" content=\"Padraig Foran\" \/>\n\t<meta name=\"twitter:label2\" content=\"Est. reading time\" \/>\n\t<meta name=\"twitter:data2\" content=\"4 minutes\" \/>\n<script type=\"application\/ld+json\" class=\"yoast-schema-graph\">{\"@context\":\"https:\/\/schema.org\",\"@graph\":[{\"@type\":\"Article\",\"@id\":\"https:\/\/www.cultureireland.ie\/ga\/seoladh-ionadaiocht-na-heireann-ag-biennale-na-veineise-2024\/#article\",\"isPartOf\":{\"@id\":\"https:\/\/www.cultureireland.ie\/ga\/seoladh-ionadaiocht-na-heireann-ag-biennale-na-veineise-2024\/\"},\"author\":{\"name\":\"Padraig Foran\",\"@id\":\"https:\/\/www.cultureireland.ie\/#\/schema\/person\/97ef12f1b0639e7df34add2f45221b89\"},\"headline\":\"Seoladh Ionada\u00edocht na h\u00c9ireann ag Biennale na Vein\u00e9ise 2024\",\"datePublished\":\"2024-02-16T16:33:56+00:00\",\"mainEntityOfPage\":{\"@id\":\"https:\/\/www.cultureireland.ie\/ga\/seoladh-ionadaiocht-na-heireann-ag-biennale-na-veineise-2024\/\"},\"wordCount\":743,\"publisher\":{\"@id\":\"https:\/\/www.cultureireland.ie\/#organization\"},\"image\":{\"@id\":\"https:\/\/www.cultureireland.ie\/ga\/seoladh-ionadaiocht-na-heireann-ag-biennale-na-veineise-2024\/#primaryimage\"},\"thumbnailUrl\":\"https:\/\/www.cultureireland.ie\/wp-content\/uploads\/2024\/04\/Picture3.png\",\"articleSection\":[\"News\"],\"inLanguage\":\"ga-IE\"},{\"@type\":\"WebPage\",\"@id\":\"https:\/\/www.cultureireland.ie\/ga\/seoladh-ionadaiocht-na-heireann-ag-biennale-na-veineise-2024\/\",\"url\":\"https:\/\/www.cultureireland.ie\/ga\/seoladh-ionadaiocht-na-heireann-ag-biennale-na-veineise-2024\/\",\"name\":\"Seoladh Ionada\u00edocht na h\u00c9ireann ag Biennale na Vein\u00e9ise 2024 - Culture Ireland | Cult\u00far \u00c9ireann\",\"isPartOf\":{\"@id\":\"https:\/\/www.cultureireland.ie\/#website\"},\"primaryImageOfPage\":{\"@id\":\"https:\/\/www.cultureireland.ie\/ga\/seoladh-ionadaiocht-na-heireann-ag-biennale-na-veineise-2024\/#primaryimage\"},\"image\":{\"@id\":\"https:\/\/www.cultureireland.ie\/ga\/seoladh-ionadaiocht-na-heireann-ag-biennale-na-veineise-2024\/#primaryimage\"},\"thumbnailUrl\":\"https:\/\/www.cultureireland.ie\/wp-content\/uploads\/2024\/04\/Picture3.png\",\"datePublished\":\"2024-02-16T16:33:56+00:00\",\"breadcrumb\":{\"@id\":\"https:\/\/www.cultureireland.ie\/ga\/seoladh-ionadaiocht-na-heireann-ag-biennale-na-veineise-2024\/#breadcrumb\"},\"inLanguage\":\"ga-IE\",\"potentialAction\":[{\"@type\":\"ReadAction\",\"target\":[\"https:\/\/www.cultureireland.ie\/ga\/seoladh-ionadaiocht-na-heireann-ag-biennale-na-veineise-2024\/\"]}]},{\"@type\":\"ImageObject\",\"inLanguage\":\"ga-IE\",\"@id\":\"https:\/\/www.cultureireland.ie\/ga\/seoladh-ionadaiocht-na-heireann-ag-biennale-na-veineise-2024\/#primaryimage\",\"url\":\"https:\/\/www.cultureireland.ie\/wp-content\/uploads\/2024\/04\/Picture3.png\",\"contentUrl\":\"https:\/\/www.cultureireland.ie\/wp-content\/uploads\/2024\/04\/Picture3.png\",\"width\":591,\"height\":345},{\"@type\":\"BreadcrumbList\",\"@id\":\"https:\/\/www.cultureireland.ie\/ga\/seoladh-ionadaiocht-na-heireann-ag-biennale-na-veineise-2024\/#breadcrumb\",\"itemListElement\":[{\"@type\":\"ListItem\",\"position\":1,\"name\":\"Home\",\"item\":\"https:\/\/www.cultureireland.ie\/\"},{\"@type\":\"ListItem\",\"position\":2,\"name\":\"Seoladh Ionada\u00edocht na h\u00c9ireann ag Biennale na Vein\u00e9ise 2024\"}]},{\"@type\":\"WebSite\",\"@id\":\"https:\/\/www.cultureireland.ie\/#website\",\"url\":\"https:\/\/www.cultureireland.ie\/\",\"name\":\"Culture Ireland | Cult\u00far \u00c9ireann\",\"description\":\"\",\"publisher\":{\"@id\":\"https:\/\/www.cultureireland.ie\/#organization\"},\"potentialAction\":[{\"@type\":\"SearchAction\",\"target\":{\"@type\":\"EntryPoint\",\"urlTemplate\":\"https:\/\/www.cultureireland.ie\/?s={search_term_string}\"},\"query-input\":{\"@type\":\"PropertyValueSpecification\",\"valueRequired\":true,\"valueName\":\"search_term_string\"}}],\"inLanguage\":\"ga-IE\"},{\"@type\":\"Organization\",\"@id\":\"https:\/\/www.cultureireland.ie\/#organization\",\"name\":\"Culture Ireland\",\"url\":\"https:\/\/www.cultureireland.ie\/\",\"logo\":{\"@type\":\"ImageObject\",\"inLanguage\":\"ga-IE\",\"@id\":\"https:\/\/www.cultureireland.ie\/#\/schema\/logo\/image\/\",\"url\":\"https:\/\/www.cultureireland.ie\/wp-content\/uploads\/2024\/04\/Department-Tourism.png\",\"contentUrl\":\"https:\/\/www.cultureireland.ie\/wp-content\/uploads\/2024\/04\/Department-Tourism.png\",\"width\":231,\"height\":218,\"caption\":\"Culture Ireland\"},\"image\":{\"@id\":\"https:\/\/www.cultureireland.ie\/#\/schema\/logo\/image\/\"}},{\"@type\":\"Person\",\"@id\":\"https:\/\/www.cultureireland.ie\/#\/schema\/person\/97ef12f1b0639e7df34add2f45221b89\",\"name\":\"Padraig Foran\",\"image\":{\"@type\":\"ImageObject\",\"inLanguage\":\"ga-IE\",\"@id\":\"https:\/\/secure.gravatar.com\/avatar\/95919b15397c5874edbfcd2956fd11ba92f0c1ea67df40f470e6f664c488e1f6?s=96&d=mm&r=g\",\"url\":\"https:\/\/secure.gravatar.com\/avatar\/95919b15397c5874edbfcd2956fd11ba92f0c1ea67df40f470e6f664c488e1f6?s=96&d=mm&r=g\",\"contentUrl\":\"https:\/\/secure.gravatar.com\/avatar\/95919b15397c5874edbfcd2956fd11ba92f0c1ea67df40f470e6f664c488e1f6?s=96&d=mm&r=g\",\"caption\":\"Padraig Foran\"}}]}<\/script>\n<!-- \/ Yoast SEO plugin. -->","yoast_head_json":{"title":"Seoladh Ionada\u00edocht na h\u00c9ireann ag Biennale na Vein\u00e9ise 2024 - Culture Ireland | Cult\u00far \u00c9ireann","robots":{"index":"index","follow":"follow","max-snippet":"max-snippet:-1","max-image-preview":"max-image-preview:large","max-video-preview":"max-video-preview:-1"},"canonical":"https:\/\/www.cultureireland.ie\/ga\/seoladh-ionadaiocht-na-heireann-ag-biennale-na-veineise-2024\/","og_locale":"ga_IE","og_type":"article","og_title":"Seoladh Ionada\u00edocht na h\u00c9ireann ag Biennale na Vein\u00e9ise 2024 - Culture Ireland | Cult\u00far \u00c9ireann","og_description":"I dTeach an Ardmh\u00e9ara, inniu, D\u00e9ardaoin, an 15 Feabhra, sheol an tAire Turas\u00f3ireachta, Cult\u00fair, Eala\u00edon, Gaeltachta, Sp\u00f3irt agus Me\u00e1n, Catherine Martin T.D., ionada\u00edocht na h\u00c9ireann ag an 60\u00fa Taispe\u00e1ntas Idirn\u00e1isi\u00fanta Eala\u00edne \u2013 La Biennale di Venezia. Roghna\u00edodh an t-eala\u00edont\u00f3ir Eimear Walsh, leis an gcoime\u00e1da\u00ed Sara Greavu agus Project Arts Centre chun ionada\u00edocht a dh\u00e9anamh ar...","og_url":"https:\/\/www.cultureireland.ie\/ga\/seoladh-ionadaiocht-na-heireann-ag-biennale-na-veineise-2024\/","og_site_name":"Culture Ireland | Cult\u00far \u00c9ireann","article_published_time":"2024-02-16T16:33:56+00:00","og_image":[{"width":591,"height":345,"url":"https:\/\/www.cultureireland.ie\/wp-content\/uploads\/2024\/04\/Picture3.png","type":"image\/png"}],"author":"Padraig Foran","twitter_card":"summary_large_image","twitter_misc":{"Written by":"Padraig Foran","Est. reading time":"4 minutes"},"schema":{"@context":"https:\/\/schema.org","@graph":[{"@type":"Article","@id":"https:\/\/www.cultureireland.ie\/ga\/seoladh-ionadaiocht-na-heireann-ag-biennale-na-veineise-2024\/#article","isPartOf":{"@id":"https:\/\/www.cultureireland.ie\/ga\/seoladh-ionadaiocht-na-heireann-ag-biennale-na-veineise-2024\/"},"author":{"name":"Padraig Foran","@id":"https:\/\/www.cultureireland.ie\/#\/schema\/person\/97ef12f1b0639e7df34add2f45221b89"},"headline":"Seoladh Ionada\u00edocht na h\u00c9ireann ag Biennale na Vein\u00e9ise 2024","datePublished":"2024-02-16T16:33:56+00:00","mainEntityOfPage":{"@id":"https:\/\/www.cultureireland.ie\/ga\/seoladh-ionadaiocht-na-heireann-ag-biennale-na-veineise-2024\/"},"wordCount":743,"publisher":{"@id":"https:\/\/www.cultureireland.ie\/#organization"},"image":{"@id":"https:\/\/www.cultureireland.ie\/ga\/seoladh-ionadaiocht-na-heireann-ag-biennale-na-veineise-2024\/#primaryimage"},"thumbnailUrl":"https:\/\/www.cultureireland.ie\/wp-content\/uploads\/2024\/04\/Picture3.png","articleSection":["News"],"inLanguage":"ga-IE"},{"@type":"WebPage","@id":"https:\/\/www.cultureireland.ie\/ga\/seoladh-ionadaiocht-na-heireann-ag-biennale-na-veineise-2024\/","url":"https:\/\/www.cultureireland.ie\/ga\/seoladh-ionadaiocht-na-heireann-ag-biennale-na-veineise-2024\/","name":"Seoladh Ionada\u00edocht na h\u00c9ireann ag Biennale na Vein\u00e9ise 2024 - Culture Ireland | Cult\u00far \u00c9ireann","isPartOf":{"@id":"https:\/\/www.cultureireland.ie\/#website"},"primaryImageOfPage":{"@id":"https:\/\/www.cultureireland.ie\/ga\/seoladh-ionadaiocht-na-heireann-ag-biennale-na-veineise-2024\/#primaryimage"},"image":{"@id":"https:\/\/www.cultureireland.ie\/ga\/seoladh-ionadaiocht-na-heireann-ag-biennale-na-veineise-2024\/#primaryimage"},"thumbnailUrl":"https:\/\/www.cultureireland.ie\/wp-content\/uploads\/2024\/04\/Picture3.png","datePublished":"2024-02-16T16:33:56+00:00","breadcrumb":{"@id":"https:\/\/www.cultureireland.ie\/ga\/seoladh-ionadaiocht-na-heireann-ag-biennale-na-veineise-2024\/#breadcrumb"},"inLanguage":"ga-IE","potentialAction":[{"@type":"ReadAction","target":["https:\/\/www.cultureireland.ie\/ga\/seoladh-ionadaiocht-na-heireann-ag-biennale-na-veineise-2024\/"]}]},{"@type":"ImageObject","inLanguage":"ga-IE","@id":"https:\/\/www.cultureireland.ie\/ga\/seoladh-ionadaiocht-na-heireann-ag-biennale-na-veineise-2024\/#primaryimage","url":"https:\/\/www.cultureireland.ie\/wp-content\/uploads\/2024\/04\/Picture3.png","contentUrl":"https:\/\/www.cultureireland.ie\/wp-content\/uploads\/2024\/04\/Picture3.png","width":591,"height":345},{"@type":"BreadcrumbList","@id":"https:\/\/www.cultureireland.ie\/ga\/seoladh-ionadaiocht-na-heireann-ag-biennale-na-veineise-2024\/#breadcrumb","itemListElement":[{"@type":"ListItem","position":1,"name":"Home","item":"https:\/\/www.cultureireland.ie\/"},{"@type":"ListItem","position":2,"name":"Seoladh Ionada\u00edocht na h\u00c9ireann ag Biennale na Vein\u00e9ise 2024"}]},{"@type":"WebSite","@id":"https:\/\/www.cultureireland.ie\/#website","url":"https:\/\/www.cultureireland.ie\/","name":"Culture Ireland | Cult\u00far \u00c9ireann","description":"","publisher":{"@id":"https:\/\/www.cultureireland.ie\/#organization"},"potentialAction":[{"@type":"SearchAction","target":{"@type":"EntryPoint","urlTemplate":"https:\/\/www.cultureireland.ie\/?s={search_term_string}"},"query-input":{"@type":"PropertyValueSpecification","valueRequired":true,"valueName":"search_term_string"}}],"inLanguage":"ga-IE"},{"@type":"Organization","@id":"https:\/\/www.cultureireland.ie\/#organization","name":"Culture Ireland","url":"https:\/\/www.cultureireland.ie\/","logo":{"@type":"ImageObject","inLanguage":"ga-IE","@id":"https:\/\/www.cultureireland.ie\/#\/schema\/logo\/image\/","url":"https:\/\/www.cultureireland.ie\/wp-content\/uploads\/2024\/04\/Department-Tourism.png","contentUrl":"https:\/\/www.cultureireland.ie\/wp-content\/uploads\/2024\/04\/Department-Tourism.png","width":231,"height":218,"caption":"Culture Ireland"},"image":{"@id":"https:\/\/www.cultureireland.ie\/#\/schema\/logo\/image\/"}},{"@type":"Person","@id":"https:\/\/www.cultureireland.ie\/#\/schema\/person\/97ef12f1b0639e7df34add2f45221b89","name":"Padraig Foran","image":{"@type":"ImageObject","inLanguage":"ga-IE","@id":"https:\/\/secure.gravatar.com\/avatar\/95919b15397c5874edbfcd2956fd11ba92f0c1ea67df40f470e6f664c488e1f6?s=96&d=mm&r=g","url":"https:\/\/secure.gravatar.com\/avatar\/95919b15397c5874edbfcd2956fd11ba92f0c1ea67df40f470e6f664c488e1f6?s=96&d=mm&r=g","contentUrl":"https:\/\/secure.gravatar.com\/avatar\/95919b15397c5874edbfcd2956fd11ba92f0c1ea67df40f470e6f664c488e1f6?s=96&d=mm&r=g","caption":"Padraig Foran"}}]}},"_links":{"self":[{"href":"https:\/\/www.cultureireland.ie\/ga\/wp-json\/wp\/v2\/posts\/2379","targetHints":{"allow":["GET"]}}],"collection":[{"href":"https:\/\/www.cultureireland.ie\/ga\/wp-json\/wp\/v2\/posts"}],"about":[{"href":"https:\/\/www.cultureireland.ie\/ga\/wp-json\/wp\/v2\/types\/post"}],"author":[{"embeddable":true,"href":"https:\/\/www.cultureireland.ie\/ga\/wp-json\/wp\/v2\/users\/9"}],"replies":[{"embeddable":true,"href":"https:\/\/www.cultureireland.ie\/ga\/wp-json\/wp\/v2\/comments?post=2379"}],"version-history":[{"count":0,"href":"https:\/\/www.cultureireland.ie\/ga\/wp-json\/wp\/v2\/posts\/2379\/revisions"}],"wp:featuredmedia":[{"embeddable":true,"href":"https:\/\/www.cultureireland.ie\/ga\/wp-json\/wp\/v2\/media\/2172"}],"wp:attachment":[{"href":"https:\/\/www.cultureireland.ie\/ga\/wp-json\/wp\/v2\/media?parent=2379"}],"wp:term":[{"taxonomy":"category","embeddable":true,"href":"https:\/\/www.cultureireland.ie\/ga\/wp-json\/wp\/v2\/categories?post=2379"},{"taxonomy":"post_tag","embeddable":true,"href":"https:\/\/www.cultureireland.ie\/ga\/wp-json\/wp\/v2\/tags?post=2379"}],"curies":[{"name":"wp","href":"https:\/\/api.w.org\/{rel}","templated":true}]}}