{"id":2353,"date":"2024-04-22T15:20:57","date_gmt":"2024-04-22T14:20:57","guid":{"rendered":"https:\/\/www.cultureireland.ie\/eire-mar-thir-focais-ag-taispeantas-na-halban-celtic-connections-2025\/"},"modified":"2024-04-22T15:45:15","modified_gmt":"2024-04-22T14:45:15","slug":"eire-mar-thir-focais-ag-taispeantas-na-halban-celtic-connections-2025","status":"publish","type":"post","link":"https:\/\/www.cultureireland.ie\/ga\/eire-mar-thir-focais-ag-taispeantas-na-halban-celtic-connections-2025\/","title":{"rendered":"\u00c9ire mar Th\u00edr F\u00f3cais ag Taispe\u00e1ntas na hAlban\/Celtic Connections 2025"},"content":{"rendered":"<p>N\u00edos luaithe i mbliana, f\u00f3gra\u00edodh \u00c9ire mar chomhph\u00e1irt\u00ed idirn\u00e1isi\u00fanta d\u2019eagr\u00e1n 2025 de Thaispe\u00e1ntas na hAlban mar chuid de Celtic Connections 2025 i nGlasch\u00fa, Albain (22 \u2013 26 Ean\u00e1ir 2025)<\/p>\n<p>T\u00e1 Cult\u00far \u00c9ireann ag glacadh le harratais anois \u00f3 cheolt\u00f3ir\u00ed agus \u00f3 bhanna\u00ed ar mhaith leo p\u00e1irt a ghlacadh sa deis taispe\u00e1ntais m\u00f3r le r\u00e1 seo.<\/p>\n<p>Buna\u00edodh Celtic Connections in 1994 agus is ceann de na f\u00e9ilte bliant\u00fala is m\u00f3 le r\u00e1 do cheol domhanda agus t\u00edre ina nglacann breis agus 2,100 ceolt\u00f3ir \u00f3 gach cearn den domhan p\u00e1irt in 300 imeacht in 25 ionad i nGlasch\u00fa thar 18 l\u00e1. Gach bliain, le linn Celtic Connections, t\u00e9ann Taispe\u00e1ntas na hAlban i gcomhph\u00e1irt\u00edocht le t\u00edr agus tugtar deis taispe\u00e1ntais do l\u00edon \u00e1irithe banna\u00ed. <\/p>\n<p>Seinnfidh na ceolt\u00f3ir\u00ed \u00c9ireannacha a roghn\u00f3far le linn imeacht Thaispe\u00e1ntas na hAlban (D\u00e9 hAoine, an 24 Ean\u00e1ir 2025) os comhair lucht f\u00e9achana ar tugadh cuireadh d\u00f3ibh de thart ar 180 toscaire idirn\u00e1isi\u00fanta, lena n-\u00e1ir\u00edtear gairmithe tionscail, gn\u00edomhair\u00ed, agus cl\u00e1raitheoir\u00ed f\u00e9ilte agus ionaid. Ina theannta sin, \u00edocfar iad as l\u00e9iri\u00fa le linn chl\u00e1r poibl\u00ed Celtic Connections le linn a gcuairte.<\/p>\n<p>N\u00ed m\u00f3r d\u2019iarratas\u00f3ir\u00ed na crit\u00e9ir seo a leanas a chomhl\u00edonadh:<\/p>\n<p>\u2022\tCeolt\u00f3ir\u00ed a bhfuil a l\u00e9irithe ag teacht i mb\u00e9al an phobail go n\u00e1isi\u00fanta agus go hidirn\u00e1isi\u00fanta (t\u00e1 banna\u00ed, ensembles agus ceolt\u00f3ir\u00ed aonair ar fud oile\u00e1n na h\u00c9ireann i dteideal iarratas a dh\u00e9anamh)<br \/>\nD\u00e9anfar iarratais a mheas ar bhonn na gcrit\u00e9ar seo a leanas:<\/p>\n<p>\u2022\tcaithfidh an ceolt\u00f3ir\/na ceolt\u00f3ir\u00ed\u00ed a l\u00e9iri\u00fa go bhfuil siad in ann leas a bhaint as an deis seo lena n-\u00e1ir\u00edtear sol\u00e1thar \u00e1bhar poibl\u00edochta agus taca\u00edocht bhainist\u00edochta n\u00f3 ghn\u00edomhaireachta<\/p>\n<p>\u2022\tcaighde\u00e1n l\u00e9irithe agus chur i l\u00e1thair<\/p>\n<p>\u2022\tfianaise ar aitheantas critici\u00fail neamhsple\u00e1ch dearfach<\/p>\n<p>\u2022\tcl\u00e1ir idirn\u00e1isi\u00fanta agus treochta\u00ed camchuairte reatha<\/p>\n<p>Ba ch\u00f3ir d\u2019iarratas\u00f3ir\u00ed cur isteach tr\u00ed ch\u00f3ras iarratais Thaispe\u00e1ntas Chul\u00far \u00c9ireann &#8211; is f\u00e9idir t\u00fas a chur le d\u2019iarratas tr\u00ed chlice\u00e1il <a href=\"funding\/showcase\/\">anseo<\/a>.<\/p>\n<p>Ullmh\u00f3idh Cult\u00far \u00c9ireann gearrliosta ceolt\u00f3ir\u00ed \u00f3 na hiarratas\u00f3ir\u00ed agus is iad Celtic Connections a dh\u00e9anfaidh an roghn\u00fa deiridh.<\/p>\n<p>N\u00ed m\u00f3r d\u2019iarratas\u00f3ir\u00ed a chur san \u00e1ireamh:<\/p>\n<p>\u2022\tEolas beathaisn\u00e9ise ioml\u00e1n lena n-\u00e1ir\u00edtear naisc reatha chuig an su\u00edomh gr\u00e9as\u00e1in agus l\u00e1ithreacht na me\u00e1n s\u00f3isialta<\/p>\n<p>\u2022\tFaisn\u00e9is faoin mbainist\u00edocht at\u00e1 beartaithe agus\/n\u00f3 faoi thaca\u00edochta\u00ed gn\u00edomhaireachta<\/p>\n<p>\u2022\tF\u00edse\u00e1in ardchaighde\u00e1in den bhanna ag taibhi\u00fa<\/p>\n<p>\u2022\tMP3s ar a bhfuil ar a laghad tr\u00ed rian fuaime<br \/>\nEolas Breise:<\/p>\n<p>\u2022\tTac\u00f3idh Cult\u00far \u00c9ireann leis na costais taistil agus sol\u00e1thr\u00f3idh s\u00e9 airgead oinigh a bhaineann leis an l\u00e9iri\u00fa taispe\u00e1ntais<\/p>\n<p>\u2022\tF\u00e1ilt\u00edtear go h\u00e1irithe roimh iarratas\u00f3ir\u00ed \u00f3 phobail nua, mionlaigh n\u00f3 ceolt\u00f3ir\u00ed at\u00e1 ag cur i l\u00e1thair i nGaeilge, ag teacht le tosa\u00edochta\u00ed strait\u00e9iseacha Chult\u00far \u00c9ireann. Is f\u00e9idir \u00e1r strait\u00e9is reatha a l\u00e9amh <a href=\"https:\/\/www.cultureireland.ie\/wp-content\/uploads\/2024\/04\/Strategy-Straiteis-2022-2025.pdf\">anseo<\/a><\/p>\n<p>\u2022\tM\u00e1 theasta\u00edonn taca\u00edocht bhreise uait chun an t-iarratas seo a chomhl\u00e1n\u00fa, d\u00e9an teagmh\u00e1il le do thoil le info@cultureireland.gov.ie <\/p>\n<p>\u2022\tN\u00edl ceolt\u00f3ir\u00ed a ghlac p\u00e1irt in \u00c9ire mar Th\u00edr F\u00f3cais ag Taispe\u00e1ntas na hAlban in 2018 inch\u00e1ilithe don deis seo.<\/p>\n<p>Is \u00e9 an d\u00e1ta deiridh le haghaidh iarratas n\u00e1 D\u00e9 C\u00e9adaoin, an 22 Bealtaine 2024 ar 5 i.n.<\/p>\n","protected":false},"excerpt":{"rendered":"<p>N\u00edos luaithe i mbliana, f\u00f3gra\u00edodh \u00c9ire mar chomhph\u00e1irt\u00ed idirn\u00e1isi\u00fanta d\u2019eagr\u00e1n 2025 de Thaispe\u00e1ntas na hAlban mar chuid de Celtic Connections 2025 i nGlasch\u00fa, Albain (22 \u2013 26 Ean\u00e1ir 2025) T\u00e1 Cult\u00far \u00c9ireann ag glacadh le harratais anois \u00f3 cheolt\u00f3ir\u00ed agus \u00f3 bhanna\u00ed ar mhaith leo p\u00e1irt a ghlacadh sa deis taispe\u00e1ntais m\u00f3r le r\u00e1 seo&#8230;. <\/p>\n","protected":false},"author":9,"featured_media":2348,"comment_status":"closed","ping_status":"closed","sticky":false,"template":"","format":"standard","meta":{"_acf_changed":false,"footnotes":""},"categories":[16],"tags":[],"class_list":["post-2353","post","type-post","status-publish","format-standard","has-post-thumbnail","hentry","category-news-ga"],"acf":[],"yoast_head":"<!-- This site is optimized with the Yoast SEO plugin v27.2 - https:\/\/yoast.com\/product\/yoast-seo-wordpress\/ -->\n<title>\u00c9ire mar Th\u00edr F\u00f3cais ag Taispe\u00e1ntas na hAlban\/Celtic Connections 2025 - Culture Ireland | Cult\u00far \u00c9ireann<\/title>\n<meta name=\"robots\" content=\"index, follow, max-snippet:-1, max-image-preview:large, max-video-preview:-1\" \/>\n<link rel=\"canonical\" href=\"https:\/\/www.cultureireland.ie\/ga\/eire-mar-thir-focais-ag-taispeantas-na-halban-celtic-connections-2025\/\" \/>\n<meta property=\"og:locale\" content=\"ga_IE\" \/>\n<meta property=\"og:type\" content=\"article\" \/>\n<meta property=\"og:title\" content=\"\u00c9ire mar Th\u00edr F\u00f3cais ag Taispe\u00e1ntas na hAlban\/Celtic Connections 2025 - Culture Ireland | Cult\u00far \u00c9ireann\" \/>\n<meta property=\"og:description\" content=\"N\u00edos luaithe i mbliana, f\u00f3gra\u00edodh \u00c9ire mar chomhph\u00e1irt\u00ed idirn\u00e1isi\u00fanta d\u2019eagr\u00e1n 2025 de Thaispe\u00e1ntas na hAlban mar chuid de Celtic Connections 2025 i nGlasch\u00fa, Albain (22 \u2013 26 Ean\u00e1ir 2025) T\u00e1 Cult\u00far \u00c9ireann ag glacadh le harratais anois \u00f3 cheolt\u00f3ir\u00ed agus \u00f3 bhanna\u00ed ar mhaith leo p\u00e1irt a ghlacadh sa deis taispe\u00e1ntais m\u00f3r le r\u00e1 seo....\" \/>\n<meta property=\"og:url\" content=\"https:\/\/www.cultureireland.ie\/ga\/eire-mar-thir-focais-ag-taispeantas-na-halban-celtic-connections-2025\/\" \/>\n<meta property=\"og:site_name\" content=\"Culture Ireland | Cult\u00far \u00c9ireann\" \/>\n<meta property=\"article:published_time\" content=\"2024-04-22T14:20:57+00:00\" \/>\n<meta property=\"article:modified_time\" content=\"2024-04-22T14:45:15+00:00\" \/>\n<meta property=\"og:image\" content=\"https:\/\/www.cultureireland.ie\/wp-content\/uploads\/2024\/04\/Showcase-horizontal.jpg\" \/>\n\t<meta property=\"og:image:width\" content=\"1182\" \/>\n\t<meta property=\"og:image:height\" content=\"741\" \/>\n\t<meta property=\"og:image:type\" content=\"image\/jpeg\" \/>\n<meta name=\"author\" content=\"Padraig Foran\" \/>\n<meta name=\"twitter:card\" content=\"summary_large_image\" \/>\n<meta name=\"twitter:label1\" content=\"Written by\" \/>\n\t<meta name=\"twitter:data1\" content=\"Padraig Foran\" \/>\n\t<meta name=\"twitter:label2\" content=\"Est. reading time\" \/>\n\t<meta name=\"twitter:data2\" content=\"3 minutes\" \/>\n<script type=\"application\/ld+json\" class=\"yoast-schema-graph\">{\"@context\":\"https:\/\/schema.org\",\"@graph\":[{\"@type\":\"Article\",\"@id\":\"https:\/\/www.cultureireland.ie\/ga\/eire-mar-thir-focais-ag-taispeantas-na-halban-celtic-connections-2025\/#article\",\"isPartOf\":{\"@id\":\"https:\/\/www.cultureireland.ie\/ga\/eire-mar-thir-focais-ag-taispeantas-na-halban-celtic-connections-2025\/\"},\"author\":{\"name\":\"Padraig Foran\",\"@id\":\"https:\/\/www.cultureireland.ie\/#\/schema\/person\/97ef12f1b0639e7df34add2f45221b89\"},\"headline\":\"\u00c9ire mar Th\u00edr F\u00f3cais ag Taispe\u00e1ntas na hAlban\/Celtic Connections 2025\",\"datePublished\":\"2024-04-22T14:20:57+00:00\",\"dateModified\":\"2024-04-22T14:45:15+00:00\",\"mainEntityOfPage\":{\"@id\":\"https:\/\/www.cultureireland.ie\/ga\/eire-mar-thir-focais-ag-taispeantas-na-halban-celtic-connections-2025\/\"},\"wordCount\":618,\"publisher\":{\"@id\":\"https:\/\/www.cultureireland.ie\/#organization\"},\"image\":{\"@id\":\"https:\/\/www.cultureireland.ie\/ga\/eire-mar-thir-focais-ag-taispeantas-na-halban-celtic-connections-2025\/#primaryimage\"},\"thumbnailUrl\":\"https:\/\/www.cultureireland.ie\/wp-content\/uploads\/2024\/04\/Showcase-horizontal.jpg\",\"articleSection\":[\"News\"],\"inLanguage\":\"ga-IE\"},{\"@type\":\"WebPage\",\"@id\":\"https:\/\/www.cultureireland.ie\/ga\/eire-mar-thir-focais-ag-taispeantas-na-halban-celtic-connections-2025\/\",\"url\":\"https:\/\/www.cultureireland.ie\/ga\/eire-mar-thir-focais-ag-taispeantas-na-halban-celtic-connections-2025\/\",\"name\":\"\u00c9ire mar Th\u00edr F\u00f3cais ag Taispe\u00e1ntas na hAlban\/Celtic Connections 2025 - Culture Ireland | Cult\u00far \u00c9ireann\",\"isPartOf\":{\"@id\":\"https:\/\/www.cultureireland.ie\/#website\"},\"primaryImageOfPage\":{\"@id\":\"https:\/\/www.cultureireland.ie\/ga\/eire-mar-thir-focais-ag-taispeantas-na-halban-celtic-connections-2025\/#primaryimage\"},\"image\":{\"@id\":\"https:\/\/www.cultureireland.ie\/ga\/eire-mar-thir-focais-ag-taispeantas-na-halban-celtic-connections-2025\/#primaryimage\"},\"thumbnailUrl\":\"https:\/\/www.cultureireland.ie\/wp-content\/uploads\/2024\/04\/Showcase-horizontal.jpg\",\"datePublished\":\"2024-04-22T14:20:57+00:00\",\"dateModified\":\"2024-04-22T14:45:15+00:00\",\"breadcrumb\":{\"@id\":\"https:\/\/www.cultureireland.ie\/ga\/eire-mar-thir-focais-ag-taispeantas-na-halban-celtic-connections-2025\/#breadcrumb\"},\"inLanguage\":\"ga-IE\",\"potentialAction\":[{\"@type\":\"ReadAction\",\"target\":[\"https:\/\/www.cultureireland.ie\/ga\/eire-mar-thir-focais-ag-taispeantas-na-halban-celtic-connections-2025\/\"]}]},{\"@type\":\"ImageObject\",\"inLanguage\":\"ga-IE\",\"@id\":\"https:\/\/www.cultureireland.ie\/ga\/eire-mar-thir-focais-ag-taispeantas-na-halban-celtic-connections-2025\/#primaryimage\",\"url\":\"https:\/\/www.cultureireland.ie\/wp-content\/uploads\/2024\/04\/Showcase-horizontal.jpg\",\"contentUrl\":\"https:\/\/www.cultureireland.ie\/wp-content\/uploads\/2024\/04\/Showcase-horizontal.jpg\",\"width\":1182,\"height\":741},{\"@type\":\"BreadcrumbList\",\"@id\":\"https:\/\/www.cultureireland.ie\/ga\/eire-mar-thir-focais-ag-taispeantas-na-halban-celtic-connections-2025\/#breadcrumb\",\"itemListElement\":[{\"@type\":\"ListItem\",\"position\":1,\"name\":\"Home\",\"item\":\"https:\/\/www.cultureireland.ie\/\"},{\"@type\":\"ListItem\",\"position\":2,\"name\":\"\u00c9ire mar Th\u00edr F\u00f3cais ag Taispe\u00e1ntas na hAlban\/Celtic Connections 2025\"}]},{\"@type\":\"WebSite\",\"@id\":\"https:\/\/www.cultureireland.ie\/#website\",\"url\":\"https:\/\/www.cultureireland.ie\/\",\"name\":\"Culture Ireland | Cult\u00far \u00c9ireann\",\"description\":\"\",\"publisher\":{\"@id\":\"https:\/\/www.cultureireland.ie\/#organization\"},\"potentialAction\":[{\"@type\":\"SearchAction\",\"target\":{\"@type\":\"EntryPoint\",\"urlTemplate\":\"https:\/\/www.cultureireland.ie\/?s={search_term_string}\"},\"query-input\":{\"@type\":\"PropertyValueSpecification\",\"valueRequired\":true,\"valueName\":\"search_term_string\"}}],\"inLanguage\":\"ga-IE\"},{\"@type\":\"Organization\",\"@id\":\"https:\/\/www.cultureireland.ie\/#organization\",\"name\":\"Culture Ireland\",\"url\":\"https:\/\/www.cultureireland.ie\/\",\"logo\":{\"@type\":\"ImageObject\",\"inLanguage\":\"ga-IE\",\"@id\":\"https:\/\/www.cultureireland.ie\/#\/schema\/logo\/image\/\",\"url\":\"https:\/\/www.cultureireland.ie\/wp-content\/uploads\/2024\/04\/Department-Tourism.png\",\"contentUrl\":\"https:\/\/www.cultureireland.ie\/wp-content\/uploads\/2024\/04\/Department-Tourism.png\",\"width\":231,\"height\":218,\"caption\":\"Culture Ireland\"},\"image\":{\"@id\":\"https:\/\/www.cultureireland.ie\/#\/schema\/logo\/image\/\"}},{\"@type\":\"Person\",\"@id\":\"https:\/\/www.cultureireland.ie\/#\/schema\/person\/97ef12f1b0639e7df34add2f45221b89\",\"name\":\"Padraig Foran\",\"image\":{\"@type\":\"ImageObject\",\"inLanguage\":\"ga-IE\",\"@id\":\"https:\/\/secure.gravatar.com\/avatar\/95919b15397c5874edbfcd2956fd11ba92f0c1ea67df40f470e6f664c488e1f6?s=96&d=mm&r=g\",\"url\":\"https:\/\/secure.gravatar.com\/avatar\/95919b15397c5874edbfcd2956fd11ba92f0c1ea67df40f470e6f664c488e1f6?s=96&d=mm&r=g\",\"contentUrl\":\"https:\/\/secure.gravatar.com\/avatar\/95919b15397c5874edbfcd2956fd11ba92f0c1ea67df40f470e6f664c488e1f6?s=96&d=mm&r=g\",\"caption\":\"Padraig Foran\"}}]}<\/script>\n<!-- \/ Yoast SEO plugin. -->","yoast_head_json":{"title":"\u00c9ire mar Th\u00edr F\u00f3cais ag Taispe\u00e1ntas na hAlban\/Celtic Connections 2025 - Culture Ireland | Cult\u00far \u00c9ireann","robots":{"index":"index","follow":"follow","max-snippet":"max-snippet:-1","max-image-preview":"max-image-preview:large","max-video-preview":"max-video-preview:-1"},"canonical":"https:\/\/www.cultureireland.ie\/ga\/eire-mar-thir-focais-ag-taispeantas-na-halban-celtic-connections-2025\/","og_locale":"ga_IE","og_type":"article","og_title":"\u00c9ire mar Th\u00edr F\u00f3cais ag Taispe\u00e1ntas na hAlban\/Celtic Connections 2025 - Culture Ireland | Cult\u00far \u00c9ireann","og_description":"N\u00edos luaithe i mbliana, f\u00f3gra\u00edodh \u00c9ire mar chomhph\u00e1irt\u00ed idirn\u00e1isi\u00fanta d\u2019eagr\u00e1n 2025 de Thaispe\u00e1ntas na hAlban mar chuid de Celtic Connections 2025 i nGlasch\u00fa, Albain (22 \u2013 26 Ean\u00e1ir 2025) T\u00e1 Cult\u00far \u00c9ireann ag glacadh le harratais anois \u00f3 cheolt\u00f3ir\u00ed agus \u00f3 bhanna\u00ed ar mhaith leo p\u00e1irt a ghlacadh sa deis taispe\u00e1ntais m\u00f3r le r\u00e1 seo....","og_url":"https:\/\/www.cultureireland.ie\/ga\/eire-mar-thir-focais-ag-taispeantas-na-halban-celtic-connections-2025\/","og_site_name":"Culture Ireland | Cult\u00far \u00c9ireann","article_published_time":"2024-04-22T14:20:57+00:00","article_modified_time":"2024-04-22T14:45:15+00:00","og_image":[{"width":1182,"height":741,"url":"https:\/\/www.cultureireland.ie\/wp-content\/uploads\/2024\/04\/Showcase-horizontal.jpg","type":"image\/jpeg"}],"author":"Padraig Foran","twitter_card":"summary_large_image","twitter_misc":{"Written by":"Padraig Foran","Est. reading time":"3 minutes"},"schema":{"@context":"https:\/\/schema.org","@graph":[{"@type":"Article","@id":"https:\/\/www.cultureireland.ie\/ga\/eire-mar-thir-focais-ag-taispeantas-na-halban-celtic-connections-2025\/#article","isPartOf":{"@id":"https:\/\/www.cultureireland.ie\/ga\/eire-mar-thir-focais-ag-taispeantas-na-halban-celtic-connections-2025\/"},"author":{"name":"Padraig Foran","@id":"https:\/\/www.cultureireland.ie\/#\/schema\/person\/97ef12f1b0639e7df34add2f45221b89"},"headline":"\u00c9ire mar Th\u00edr F\u00f3cais ag Taispe\u00e1ntas na hAlban\/Celtic Connections 2025","datePublished":"2024-04-22T14:20:57+00:00","dateModified":"2024-04-22T14:45:15+00:00","mainEntityOfPage":{"@id":"https:\/\/www.cultureireland.ie\/ga\/eire-mar-thir-focais-ag-taispeantas-na-halban-celtic-connections-2025\/"},"wordCount":618,"publisher":{"@id":"https:\/\/www.cultureireland.ie\/#organization"},"image":{"@id":"https:\/\/www.cultureireland.ie\/ga\/eire-mar-thir-focais-ag-taispeantas-na-halban-celtic-connections-2025\/#primaryimage"},"thumbnailUrl":"https:\/\/www.cultureireland.ie\/wp-content\/uploads\/2024\/04\/Showcase-horizontal.jpg","articleSection":["News"],"inLanguage":"ga-IE"},{"@type":"WebPage","@id":"https:\/\/www.cultureireland.ie\/ga\/eire-mar-thir-focais-ag-taispeantas-na-halban-celtic-connections-2025\/","url":"https:\/\/www.cultureireland.ie\/ga\/eire-mar-thir-focais-ag-taispeantas-na-halban-celtic-connections-2025\/","name":"\u00c9ire mar Th\u00edr F\u00f3cais ag Taispe\u00e1ntas na hAlban\/Celtic Connections 2025 - Culture Ireland | Cult\u00far \u00c9ireann","isPartOf":{"@id":"https:\/\/www.cultureireland.ie\/#website"},"primaryImageOfPage":{"@id":"https:\/\/www.cultureireland.ie\/ga\/eire-mar-thir-focais-ag-taispeantas-na-halban-celtic-connections-2025\/#primaryimage"},"image":{"@id":"https:\/\/www.cultureireland.ie\/ga\/eire-mar-thir-focais-ag-taispeantas-na-halban-celtic-connections-2025\/#primaryimage"},"thumbnailUrl":"https:\/\/www.cultureireland.ie\/wp-content\/uploads\/2024\/04\/Showcase-horizontal.jpg","datePublished":"2024-04-22T14:20:57+00:00","dateModified":"2024-04-22T14:45:15+00:00","breadcrumb":{"@id":"https:\/\/www.cultureireland.ie\/ga\/eire-mar-thir-focais-ag-taispeantas-na-halban-celtic-connections-2025\/#breadcrumb"},"inLanguage":"ga-IE","potentialAction":[{"@type":"ReadAction","target":["https:\/\/www.cultureireland.ie\/ga\/eire-mar-thir-focais-ag-taispeantas-na-halban-celtic-connections-2025\/"]}]},{"@type":"ImageObject","inLanguage":"ga-IE","@id":"https:\/\/www.cultureireland.ie\/ga\/eire-mar-thir-focais-ag-taispeantas-na-halban-celtic-connections-2025\/#primaryimage","url":"https:\/\/www.cultureireland.ie\/wp-content\/uploads\/2024\/04\/Showcase-horizontal.jpg","contentUrl":"https:\/\/www.cultureireland.ie\/wp-content\/uploads\/2024\/04\/Showcase-horizontal.jpg","width":1182,"height":741},{"@type":"BreadcrumbList","@id":"https:\/\/www.cultureireland.ie\/ga\/eire-mar-thir-focais-ag-taispeantas-na-halban-celtic-connections-2025\/#breadcrumb","itemListElement":[{"@type":"ListItem","position":1,"name":"Home","item":"https:\/\/www.cultureireland.ie\/"},{"@type":"ListItem","position":2,"name":"\u00c9ire mar Th\u00edr F\u00f3cais ag Taispe\u00e1ntas na hAlban\/Celtic Connections 2025"}]},{"@type":"WebSite","@id":"https:\/\/www.cultureireland.ie\/#website","url":"https:\/\/www.cultureireland.ie\/","name":"Culture Ireland | Cult\u00far \u00c9ireann","description":"","publisher":{"@id":"https:\/\/www.cultureireland.ie\/#organization"},"potentialAction":[{"@type":"SearchAction","target":{"@type":"EntryPoint","urlTemplate":"https:\/\/www.cultureireland.ie\/?s={search_term_string}"},"query-input":{"@type":"PropertyValueSpecification","valueRequired":true,"valueName":"search_term_string"}}],"inLanguage":"ga-IE"},{"@type":"Organization","@id":"https:\/\/www.cultureireland.ie\/#organization","name":"Culture Ireland","url":"https:\/\/www.cultureireland.ie\/","logo":{"@type":"ImageObject","inLanguage":"ga-IE","@id":"https:\/\/www.cultureireland.ie\/#\/schema\/logo\/image\/","url":"https:\/\/www.cultureireland.ie\/wp-content\/uploads\/2024\/04\/Department-Tourism.png","contentUrl":"https:\/\/www.cultureireland.ie\/wp-content\/uploads\/2024\/04\/Department-Tourism.png","width":231,"height":218,"caption":"Culture Ireland"},"image":{"@id":"https:\/\/www.cultureireland.ie\/#\/schema\/logo\/image\/"}},{"@type":"Person","@id":"https:\/\/www.cultureireland.ie\/#\/schema\/person\/97ef12f1b0639e7df34add2f45221b89","name":"Padraig Foran","image":{"@type":"ImageObject","inLanguage":"ga-IE","@id":"https:\/\/secure.gravatar.com\/avatar\/95919b15397c5874edbfcd2956fd11ba92f0c1ea67df40f470e6f664c488e1f6?s=96&d=mm&r=g","url":"https:\/\/secure.gravatar.com\/avatar\/95919b15397c5874edbfcd2956fd11ba92f0c1ea67df40f470e6f664c488e1f6?s=96&d=mm&r=g","contentUrl":"https:\/\/secure.gravatar.com\/avatar\/95919b15397c5874edbfcd2956fd11ba92f0c1ea67df40f470e6f664c488e1f6?s=96&d=mm&r=g","caption":"Padraig Foran"}}]}},"_links":{"self":[{"href":"https:\/\/www.cultureireland.ie\/ga\/wp-json\/wp\/v2\/posts\/2353","targetHints":{"allow":["GET"]}}],"collection":[{"href":"https:\/\/www.cultureireland.ie\/ga\/wp-json\/wp\/v2\/posts"}],"about":[{"href":"https:\/\/www.cultureireland.ie\/ga\/wp-json\/wp\/v2\/types\/post"}],"author":[{"embeddable":true,"href":"https:\/\/www.cultureireland.ie\/ga\/wp-json\/wp\/v2\/users\/9"}],"replies":[{"embeddable":true,"href":"https:\/\/www.cultureireland.ie\/ga\/wp-json\/wp\/v2\/comments?post=2353"}],"version-history":[{"count":5,"href":"https:\/\/www.cultureireland.ie\/ga\/wp-json\/wp\/v2\/posts\/2353\/revisions"}],"predecessor-version":[{"id":2362,"href":"https:\/\/www.cultureireland.ie\/ga\/wp-json\/wp\/v2\/posts\/2353\/revisions\/2362"}],"wp:featuredmedia":[{"embeddable":true,"href":"https:\/\/www.cultureireland.ie\/ga\/wp-json\/wp\/v2\/media\/2348"}],"wp:attachment":[{"href":"https:\/\/www.cultureireland.ie\/ga\/wp-json\/wp\/v2\/media?parent=2353"}],"wp:term":[{"taxonomy":"category","embeddable":true,"href":"https:\/\/www.cultureireland.ie\/ga\/wp-json\/wp\/v2\/categories?post=2353"},{"taxonomy":"post_tag","embeddable":true,"href":"https:\/\/www.cultureireland.ie\/ga\/wp-json\/wp\/v2\/tags?post=2353"}],"curies":[{"name":"wp","href":"https:\/\/api.w.org\/{rel}","templated":true}]}}